{"id":58869,"date":"2026-01-03T19:11:44","date_gmt":"2026-01-04T01:11:44","guid":{"rendered":"https:\/\/circulorojoslp.com\/?p=58869"},"modified":"2026-01-14T11:59:47","modified_gmt":"2026-01-14T17:59:47","slug":"invita-villa-de-pozos-a-disfrutar-de-la-segunda-expo-rosca-de-reyes","status":"publish","type":"post","link":"https:\/\/circulorojoslp.com\/?p=58869","title":{"rendered":"INVITA VILLA DE POZOS A DISFRUTAR DE LA SEGUNDA EXPO ROSCA DE REYES"},"content":{"rendered":"<p>Con la participaci\u00f3n de m\u00e1s de una decena de expositores locales, la plaza principal ser\u00e1 punto de encuentro para celebrar esta tradicional festividad del 4 al 6 de enero.<br \/>\nEl Gobierno Municipal de Villa de Pozos, a trav\u00e9s de la Direcci\u00f3n de Desarrollo Econ\u00f3mico, invita a la ciudadan\u00eda a acudir y disfrutar de la Segunda Expo Rosca de Reyes, que se llevar\u00e1 a cabo los d\u00edas 4, 5 y 6 de enero en la plaza principal, en un horario de 10:00 a 21:00 horas, donde las familias podr\u00e1n encontrar una amplia variedad de productos tradicionales elaborados por m\u00e1s de una decena de expositores locales.<br \/>\nEl director de Desarrollo Econ\u00f3mico, Alejandro M\u00e9ndez Zavala, inform\u00f3 que este evento tiene como objetivo impulsar el consumo local y preservar las tradiciones, al tiempo que se brinda a la poblaci\u00f3n la oportunidad de conocer y adquirir roscas y otros productos de calidad directamente de productores y panaderos del municipio.<br \/>\nEl funcionario destac\u00f3 que la Expo Rosca de Reyes contar\u00e1 con la participaci\u00f3n de panaderos y expositores locales, quienes ofrecer\u00e1n diversas presentaciones y sabores, convirtiendo este espacio en un punto de convivencia familiar y celebraci\u00f3n previa al D\u00eda de Reyes.<br \/>\nM\u00e9ndez Zavala invit\u00f3 a la poblaci\u00f3n a asistir y apoyar a los productores locales y reiter\u00f3 que la Segunda Expo Rosca de Reyes se convertir\u00e1 en una oportunidad que impulsar\u00e1 la econom\u00eda local y el emprendimiento en la demarcaci\u00f3n.<\/p>\n","protected":false},"excerpt":{"rendered":"<p>Con la participaci\u00f3n de m\u00e1s de una decena de expositores locales, la plaza principal ser\u00e1 punto de encuentro para celebrar esta tradicional festividad del 4 al 6 de enero. El Gobierno Municipal de Villa de Pozos, a trav\u00e9s de la Direcci\u00f3n de Desarrollo Econ\u00f3mico, invita a la ciudadan\u00eda a acudir y disfrutar de la Segunda [&hellip;]<\/p>\n","protected":false},"author":8,"featured_media":59086,"comment_status":"closed","ping_status":"closed","sticky":false,"template":"","format":"standard","meta":{"footnotes":""},"categories":[59],"tags":[],"class_list":["post-58869","post","type-post","status-publish","format-standard","has-post-thumbnail","hentry","category-villadepozos"],"jetpack-related-posts":[],"_links":{"self":[{"href":"https:\/\/circulorojoslp.com\/index.php?rest_route=\/wp\/v2\/posts\/58869"}],"collection":[{"href":"https:\/\/circulorojoslp.com\/index.php?rest_route=\/wp\/v2\/posts"}],"about":[{"href":"https:\/\/circulorojoslp.com\/index.php?rest_route=\/wp\/v2\/types\/post"}],"author":[{"embeddable":true,"href":"https:\/\/circulorojoslp.com\/index.php?rest_route=\/wp\/v2\/users\/8"}],"replies":[{"embeddable":true,"href":"https:\/\/circulorojoslp.com\/index.php?rest_route=%2Fwp%2Fv2%2Fcomments&post=58869"}],"version-history":[{"count":1,"href":"https:\/\/circulorojoslp.com\/index.php?rest_route=\/wp\/v2\/posts\/58869\/revisions"}],"predecessor-version":[{"id":59087,"href":"https:\/\/circulorojoslp.com\/index.php?rest_route=\/wp\/v2\/posts\/58869\/revisions\/59087"}],"wp:featuredmedia":[{"embeddable":true,"href":"https:\/\/circulorojoslp.com\/index.php?rest_route=\/wp\/v2\/media\/59086"}],"wp:attachment":[{"href":"https:\/\/circulorojoslp.com\/index.php?rest_route=%2Fwp%2Fv2%2Fmedia&parent=58869"}],"wp:term":[{"taxonomy":"category","embeddable":true,"href":"https:\/\/circulorojoslp.com\/index.php?rest_route=%2Fwp%2Fv2%2Fcategories&post=58869"},{"taxonomy":"post_tag","embeddable":true,"href":"https:\/\/circulorojoslp.com\/index.php?rest_route=%2Fwp%2Fv2%2Ftags&post=58869"}],"curies":[{"name":"wp","href":"https:\/\/api.w.org\/{rel}","templated":true}]}}