{"id":5885,"date":"2019-02-08T12:16:33","date_gmt":"2019-02-08T18:16:33","guid":{"rendered":"http:\/\/circulorojoslp.com\/?p=5885"},"modified":"2019-02-08T12:16:33","modified_gmt":"2019-02-08T18:16:33","slug":"amlo-ordeno-poner-queja-ante-cndh-por-bloqueo-de-cnte","status":"publish","type":"post","link":"https:\/\/circulorojoslp.com\/?p=5885","title":{"rendered":"AMLO orden\u00f3 poner queja ante CNDH por bloqueo de CNTE"},"content":{"rendered":"<div class=\"field--abstract\">AMLO reiter\u00f3 que se trata de un problema local y no federal<\/div>\n<div class=\"field--netsonic\">\n<div id=\"netsonic-ad-miniplayer\"><\/div>\n<\/div>\n<div class=\"paragraphs-items paragraphs-items-field-paragraphs paragraphs-items-field-paragraphs-full paragraphs-items-full\">\n<div class=\"ds-1col entity entity-paragraphs-item paragraphs-item-text-paragraph view-mode-full clearfix\">\n<div class=\"field--text\">\n<p>El Gobierno Federal present\u00f3 una queja ante la\u00a0<a href=\"http:\/\/www.cndh.org.mx\/\" target=\"_blank\" rel=\"noopener\">Comisi\u00f3n Nacional de los Derechos Humanos<\/a>\u00a0(CNDH) por el bloqueo de las v\u00edas f\u00e9rreas de la\u00a0<a href=\"http:\/\/cntrabajadoresdelaeducacion.blogspot.com\/\" target=\"_blank\" rel=\"noopener\">Coordinadora Nacional de Trabajadores de la Educaci\u00f3n<\/a>\u00a0(CNTE). De acuerdo con el presidente\u00a0<a href=\"https:\/\/twitter.com\/lopezobrador_\" target=\"_blank\" rel=\"noopener\">Andr\u00e9s Manuel L\u00f3pez Obrador<\/a>,\u00a0<strong>el objetivo es que se emita una recomendaci\u00f3n sobre c\u00f3mo deben actuar las autoridades en el caso de los maestros, descart\u00f3 el uso de la fuerza.<\/strong><\/p>\n<p><em><strong>\u201cYo vuelvo a hacer un exhorto, un llamamiento, para que liberen las v\u00edas,\u00a0<\/strong>hace dos d\u00edas tomamos la decisi\u00f3n de presentar una queja ante la Comisi\u00f3n Nacional de los Derechos Humanos, le instru\u00ed al Consejero Jur\u00eddico de la Presidencia que presentara una\u00a0<strong>queja por violaci\u00f3n a derechos humanos, porque est\u00e1n bloqueando las v\u00edas\u2026 No se usar\u00e1 la fuerza para reprimir<\/strong>\u201d<\/em>, dijo.<\/p>\n<p>Esto, luego de que<strong>\u00a0los maestros llevan casi un mes paralizando las v\u00edas del tren en Michoac\u00e1n,<\/strong>\u00a0a pesar de que\u00a0<strong>se transfirieron mil millones de pesos al Gobierno de Michoac\u00e1n para que les pagara las quincenas pendientes\u00a0<\/strong>de su salario. AMLO reiter\u00f3 que se trata de\u00a0<strong>un problema local y no federal.<\/strong><\/p>\n<p>Durante la conferencia matutina desde Palacio Nacional AMLO tambi\u00e9n\u00a0<strong>abund\u00f3 sobre la Comisi\u00f3n Nacional de B\u00fasqueda de desaparecidos, sobre el proceso de operaci\u00f3n de la termoel\u00e9ctrica La Huesca y sobre los apoyos a las instancias infantiles.<\/strong><\/p>\n<\/div>\n<\/div>\n<\/div>\n","protected":false},"excerpt":{"rendered":"<p>AMLO reiter\u00f3 que se trata de un problema local y no federal El Gobierno Federal present\u00f3 una queja ante la\u00a0Comisi\u00f3n Nacional de los Derechos Humanos\u00a0(CNDH) por el bloqueo de las v\u00edas f\u00e9rreas de la\u00a0Coordinadora Nacional de Trabajadores de la Educaci\u00f3n\u00a0(CNTE). De acuerdo con el presidente\u00a0Andr\u00e9s Manuel L\u00f3pez Obrador,\u00a0el objetivo es que se emita una recomendaci\u00f3n [&hellip;]<\/p>\n","protected":false},"author":5,"featured_media":5886,"comment_status":"open","ping_status":"open","sticky":false,"template":"","format":"standard","meta":{"footnotes":""},"categories":[3],"tags":[],"class_list":["post-5885","post","type-post","status-publish","format-standard","has-post-thumbnail","hentry","category-nacionales"],"jetpack-related-posts":[],"_links":{"self":[{"href":"https:\/\/circulorojoslp.com\/index.php?rest_route=\/wp\/v2\/posts\/5885"}],"collection":[{"href":"https:\/\/circulorojoslp.com\/index.php?rest_route=\/wp\/v2\/posts"}],"about":[{"href":"https:\/\/circulorojoslp.com\/index.php?rest_route=\/wp\/v2\/types\/post"}],"author":[{"embeddable":true,"href":"https:\/\/circulorojoslp.com\/index.php?rest_route=\/wp\/v2\/users\/5"}],"replies":[{"embeddable":true,"href":"https:\/\/circulorojoslp.com\/index.php?rest_route=%2Fwp%2Fv2%2Fcomments&post=5885"}],"version-history":[{"count":1,"href":"https:\/\/circulorojoslp.com\/index.php?rest_route=\/wp\/v2\/posts\/5885\/revisions"}],"predecessor-version":[{"id":5887,"href":"https:\/\/circulorojoslp.com\/index.php?rest_route=\/wp\/v2\/posts\/5885\/revisions\/5887"}],"wp:featuredmedia":[{"embeddable":true,"href":"https:\/\/circulorojoslp.com\/index.php?rest_route=\/wp\/v2\/media\/5886"}],"wp:attachment":[{"href":"https:\/\/circulorojoslp.com\/index.php?rest_route=%2Fwp%2Fv2%2Fmedia&parent=5885"}],"wp:term":[{"taxonomy":"category","embeddable":true,"href":"https:\/\/circulorojoslp.com\/index.php?rest_route=%2Fwp%2Fv2%2Fcategories&post=5885"},{"taxonomy":"post_tag","embeddable":true,"href":"https:\/\/circulorojoslp.com\/index.php?rest_route=%2Fwp%2Fv2%2Ftags&post=5885"}],"curies":[{"name":"wp","href":"https:\/\/api.w.org\/{rel}","templated":true}]}}