{"id":58772,"date":"2025-12-18T06:02:37","date_gmt":"2025-12-18T12:02:37","guid":{"rendered":"https:\/\/circulorojoslp.com\/?p=58772"},"modified":"2026-01-14T11:49:48","modified_gmt":"2026-01-14T17:49:48","slug":"toman-protesta-a-nuevo-secretario-general-en-villa-de-pozos","status":"publish","type":"post","link":"https:\/\/circulorojoslp.com\/?p=58772","title":{"rendered":"TOMAN PROTESTA A NUEVO SECRETARIO GENERAL EN VILLA DE POZOS"},"content":{"rendered":"<p>\u2013 Paty Aradillas encabez\u00f3 la toma de protesta del Concejo Municipal y la integraci\u00f3n de las comisiones de trabajo.<br \/>\nEl Gobierno Municipal de Villa de Pozos, encabezado por la Presidenta Concejal Paty Aradillas, llev\u00f3 a cabo la sesi\u00f3n solemne en la que se realiz\u00f3 la toma de protesta del Secretario General, Luis Gerardo Ruiz Ibarra, a quien exhort\u00f3 a conducirse con responsabilidad, apego a la legalidad y compromiso con las y los habitantes de Villa de Pozos y a las y los integrantes del Concejo Municipal, con lo cual se formaliz\u00f3 el inicio de los trabajos institucionales enfocados a fortalecer la gobernabilidad y el desarrollo del municipio.<br \/>\nDurante la sesi\u00f3n, se llev\u00f3 a cabo la conformaci\u00f3n de las comisiones municipales: Comisi\u00f3n de Agua Potable, Alcantarillado y Saneamiento, presidida por Ulises Fabi\u00e1n Toro Reyna y con Ren\u00e9 Oyarvide Ibarra como secretario; la Comisi\u00f3n de Alumbrado y Obras P\u00fablicas, encabezada por Mario Cort\u00e9s Mart\u00ednez y con Ren\u00e9 Oyarvide Ibarra como secretario; la Comisi\u00f3n de Comercio, Anuncios y Espect\u00e1culos, presidida por Socorro Hern\u00e1ndez Pintado y con Luis Enrique L\u00f3pez Mart\u00ednez como secretario; la Comisi\u00f3n de Cultura, Recreaci\u00f3n, Deporte y Juventud, presidida por Sebastian Galindo Arriaga y con Alejandro Garc\u00eda Moreno como secretario; la Comisi\u00f3n de Derechos Humanos y Participaci\u00f3n Ciudadana, presidida por Socorro Hern\u00e1ndez Pintado y con Ulises Fabi\u00e1n Toro Reyna como secretario; la Comisi\u00f3n de Desarrollo Econ\u00f3mico, presidida por Beatriz Carranza Betancourt y con Luis Enrique L\u00f3pez Mart\u00ednez como secretario.<br \/>\nLa Comisi\u00f3n de Desarrollo y Equipamiento Urbano, presidida por Beatriz Carranza Betancourt y con Ren\u00e9 Oyarvide Ibarra como secretario; la Comisi\u00f3n de Desarrollo Rural y Asuntos Ind\u00edgenas, presidida por Norma Ang\u00e9lica Herrera Sustaita y con Claudia Galv\u00e1n Ram\u00edrez como secretaria; la Comisi\u00f3n de Ecolog\u00eda, Medio Ambiente y Bienestar Animal, encabezada por Martha Patricia Aradillas Aradillas y con Ulises Fabi\u00e1n Toro Reyna como secretario; la Comisi\u00f3n de Educaci\u00f3n P\u00fablica y Bibliotecas, presidida por Claudia Galv\u00e1n Ram\u00edrez y con Norma Ang\u00e9lica Herrera Sustaita como secretaria; la Comisi\u00f3n de Gobernaci\u00f3n, presidida por Martha Patricia Aradillas Aradillas y con Beatriz Carranza Betancourt como secretaria; la Comisi\u00f3n de Grupos de Atenci\u00f3n Prioritaria, presidida por Georgina Andrade Bautista y con Ulises Fabi\u00e1n Toro Reyna como secretario; y la Comisi\u00f3n de Hacienda Municipal, encabezada por Beatriz Carranza Betancourt y con Ren\u00e9 Oyarvide Ibarra como secretario.<br \/>\nLa Comisi\u00f3n de Mercados, Centros de Abastos y Rastro, presidida por Alejandro Garc\u00eda Moreno y con Ren\u00e9 Oyarvide Ibarra como secretario; la Comisi\u00f3n de Polic\u00eda Preventiva, Movilidad, Seguridad Vial y Transporte, encabezada por Alejandro Garc\u00eda Moreno y con Beatriz Carranza Betancourt como secretaria; la Comisi\u00f3n de Salud y Asistencia Social, presidida por Luis Enrique L\u00f3pez Mart\u00ednez y con Norma Ang\u00e9lica Herrera Sustaita como secretaria; la Comisi\u00f3n de Seguridad Social y Asuntos de Trabajo, encabezada por Ren\u00e9 Oyarvide Ibarra y con Beatriz Carranza Betancourt como secretaria; la Comisi\u00f3n de Servicios, presidida por Mario Cort\u00e9s Mart\u00ednez y con Laura Chavarr\u00eda Romero como secretaria; la Comisi\u00f3n de Vigilancia, Control Interno y Planeaci\u00f3n Estrat\u00e9gica, encabezada por Alejandro Garc\u00eda Moreno y con Socorro Hern\u00e1ndez Pintado como secretaria y la Comisi\u00f3n de Transparencia y Acceso a la Informaci\u00f3n P\u00fablica, presidida por Ren\u00e9 Oyarvide Ibarra y con Beatriz Carranza Betancourt como secretaria.<\/p>\n","protected":false},"excerpt":{"rendered":"<p>\u2013 Paty Aradillas encabez\u00f3 la toma de protesta del Concejo Municipal y la integraci\u00f3n de las comisiones de trabajo. El Gobierno Municipal de Villa de Pozos, encabezado por la Presidenta Concejal Paty Aradillas, llev\u00f3 a cabo la sesi\u00f3n solemne en la que se realiz\u00f3 la toma de protesta del Secretario General, Luis Gerardo Ruiz Ibarra, [&hellip;]<\/p>\n","protected":false},"author":8,"featured_media":59046,"comment_status":"closed","ping_status":"closed","sticky":false,"template":"","format":"standard","meta":{"footnotes":""},"categories":[59],"tags":[],"class_list":["post-58772","post","type-post","status-publish","format-standard","has-post-thumbnail","hentry","category-villadepozos"],"jetpack-related-posts":[],"_links":{"self":[{"href":"https:\/\/circulorojoslp.com\/index.php?rest_route=\/wp\/v2\/posts\/58772"}],"collection":[{"href":"https:\/\/circulorojoslp.com\/index.php?rest_route=\/wp\/v2\/posts"}],"about":[{"href":"https:\/\/circulorojoslp.com\/index.php?rest_route=\/wp\/v2\/types\/post"}],"author":[{"embeddable":true,"href":"https:\/\/circulorojoslp.com\/index.php?rest_route=\/wp\/v2\/users\/8"}],"replies":[{"embeddable":true,"href":"https:\/\/circulorojoslp.com\/index.php?rest_route=%2Fwp%2Fv2%2Fcomments&post=58772"}],"version-history":[{"count":1,"href":"https:\/\/circulorojoslp.com\/index.php?rest_route=\/wp\/v2\/posts\/58772\/revisions"}],"predecessor-version":[{"id":59047,"href":"https:\/\/circulorojoslp.com\/index.php?rest_route=\/wp\/v2\/posts\/58772\/revisions\/59047"}],"wp:featuredmedia":[{"embeddable":true,"href":"https:\/\/circulorojoslp.com\/index.php?rest_route=\/wp\/v2\/media\/59046"}],"wp:attachment":[{"href":"https:\/\/circulorojoslp.com\/index.php?rest_route=%2Fwp%2Fv2%2Fmedia&parent=58772"}],"wp:term":[{"taxonomy":"category","embeddable":true,"href":"https:\/\/circulorojoslp.com\/index.php?rest_route=%2Fwp%2Fv2%2Fcategories&post=58772"},{"taxonomy":"post_tag","embeddable":true,"href":"https:\/\/circulorojoslp.com\/index.php?rest_route=%2Fwp%2Fv2%2Ftags&post=58772"}],"curies":[{"name":"wp","href":"https:\/\/api.w.org\/{rel}","templated":true}]}}