{"id":58750,"date":"2025-12-11T23:02:56","date_gmt":"2025-12-12T05:02:56","guid":{"rendered":"https:\/\/circulorojoslp.com\/?p=58750"},"modified":"2025-12-11T23:02:56","modified_gmt":"2025-12-12T05:02:56","slug":"concierto-de-villancicos-llena-de-alegria-a-villa-de-pozos","status":"publish","type":"post","link":"https:\/\/circulorojoslp.com\/?p=58750","title":{"rendered":"CONCIERTO DE VILLANCICOS LLENA DE ALEGR\u00cdA A VILLA DE POZOS"},"content":{"rendered":"<p>\u2013 La Banda de M\u00fasica de Gobierno del Estado ofreci\u00f3 una presentaci\u00f3n en la plaza principal de la localidad donde familias disfrutaron de melod\u00edas navide\u00f1as.<br \/>\nEl Gobierno Municipal de Villa de Pozos, a trav\u00e9s de la Direcci\u00f3n de Cultura, llev\u00f3 a cabo un emotivo concierto de villancicos en la plaza principal, interpretado por la Banda de M\u00fasica de Gobierno del Estado, en donde familias enteras se reunieron para disfrutar de los tradicionales temas navide\u00f1os que llenaron el ambiente de esp\u00edritu decembrino.<br \/>\nLa directora de Cultura, Mar\u00eda del Carmen Mendoza Rocha, destac\u00f3 la excelente respuesta y aceptaci\u00f3n de la ciudadan\u00eda, quienes acudieron con entusiasmo para escuchar las melod\u00edas propias de esta temporada. Se\u00f1al\u00f3 que la participaci\u00f3n de las familias demuestra el inter\u00e9s por conservar y fortalecer las tradiciones culturales.<br \/>\nMendoza Rocha resalt\u00f3 que este tipo de actividades contribuyen a promover la uni\u00f3n familiar y los valores, elementos fundamentales para mantener la paz social durante las festividades navide\u00f1as.<br \/>\nLa funcionaria anunci\u00f3 que las actividades culturales continuar\u00e1n a lo largo del mes de diciembre en Villa de Pozos e invit\u00f3 a la poblaci\u00f3n a mantenerse atenta a la programaci\u00f3n y participar en los eventos preparados para todas las edades.<\/p>\n","protected":false},"excerpt":{"rendered":"<p>\u2013 La Banda de M\u00fasica de Gobierno del Estado ofreci\u00f3 una presentaci\u00f3n en la plaza principal de la localidad donde familias disfrutaron de melod\u00edas navide\u00f1as. El Gobierno Municipal de Villa de Pozos, a trav\u00e9s de la Direcci\u00f3n de Cultura, llev\u00f3 a cabo un emotivo concierto de villancicos en la plaza principal, interpretado por la Banda [&hellip;]<\/p>\n","protected":false},"author":8,"featured_media":58751,"comment_status":"closed","ping_status":"closed","sticky":false,"template":"","format":"standard","meta":{"footnotes":""},"categories":[59],"tags":[],"class_list":["post-58750","post","type-post","status-publish","format-standard","has-post-thumbnail","hentry","category-villadepozos"],"jetpack-related-posts":[],"_links":{"self":[{"href":"https:\/\/circulorojoslp.com\/index.php?rest_route=\/wp\/v2\/posts\/58750"}],"collection":[{"href":"https:\/\/circulorojoslp.com\/index.php?rest_route=\/wp\/v2\/posts"}],"about":[{"href":"https:\/\/circulorojoslp.com\/index.php?rest_route=\/wp\/v2\/types\/post"}],"author":[{"embeddable":true,"href":"https:\/\/circulorojoslp.com\/index.php?rest_route=\/wp\/v2\/users\/8"}],"replies":[{"embeddable":true,"href":"https:\/\/circulorojoslp.com\/index.php?rest_route=%2Fwp%2Fv2%2Fcomments&post=58750"}],"version-history":[{"count":0,"href":"https:\/\/circulorojoslp.com\/index.php?rest_route=\/wp\/v2\/posts\/58750\/revisions"}],"wp:featuredmedia":[{"embeddable":true,"href":"https:\/\/circulorojoslp.com\/index.php?rest_route=\/wp\/v2\/media\/58751"}],"wp:attachment":[{"href":"https:\/\/circulorojoslp.com\/index.php?rest_route=%2Fwp%2Fv2%2Fmedia&parent=58750"}],"wp:term":[{"taxonomy":"category","embeddable":true,"href":"https:\/\/circulorojoslp.com\/index.php?rest_route=%2Fwp%2Fv2%2Fcategories&post=58750"},{"taxonomy":"post_tag","embeddable":true,"href":"https:\/\/circulorojoslp.com\/index.php?rest_route=%2Fwp%2Fv2%2Ftags&post=58750"}],"curies":[{"name":"wp","href":"https:\/\/api.w.org\/{rel}","templated":true}]}}