{"id":58583,"date":"2025-11-28T22:05:35","date_gmt":"2025-11-29T04:05:35","guid":{"rendered":"https:\/\/circulorojoslp.com\/?p=58583"},"modified":"2025-11-28T22:05:35","modified_gmt":"2025-11-29T04:05:35","slug":"cancun-recibe-32-selecciones-en-mundial-de-socca-2025-inauguran-mexico-vs-belgica","status":"publish","type":"post","link":"https:\/\/circulorojoslp.com\/?p=58583","title":{"rendered":"Canc\u00fan recibe 32 selecciones en Mundial de Socca 2025: Inauguran M\u00e9xico vs B\u00e9lgica"},"content":{"rendered":"<p>Canc\u00fan vuelve a colocarse en el mapa del deporte internacional con el arranque del TUI\u00a0Socca\u00a0WorldChampionship\u00a02025, que se celebrar\u00e1 del 28 de noviembre al 7 de diciembre en el Malec\u00f3n Tajamar. La presidenta municipal Ana Paty Peralta confirm\u00f3 que la ciudad ya est\u00e1 lista para recibir a las m\u00e1s de 32 selecciones que competir\u00e1n en este torneo mundial de futbol 6\u00d76, uno de los eventos deportivos con mayor crecimiento global.<br \/>\nDurante un recorrido por el estadio temporal que se levant\u00f3 especialmente para esta justa, Peralta destac\u00f3 que el recinto qued\u00f3 listo tras semanas de ajustes t\u00e9cnicos y pruebas operativas. \u201cEstamos muy felices de recibir a m\u00e1s de 32 pa\u00edses en esta edici\u00f3n de la\u00a0Socca\u00a0World\u00a0Cup. Ser\u00e1 una experiencia deportiva y social que mostrar\u00e1 lo mejor de Canc\u00fan\u201d, dijo.<br \/>\nLa sede principal\u00a0es\u00a0un estadio con gradas, iluminaci\u00f3n de competencia internacional y zona de fan\u00e1ticos\u00a0que\u00a0se mont\u00f3 sobre el Malec\u00f3n Tajamar, un punto emblem\u00e1tico de la ciudad.\u00a0De acuerdo con el Ayuntamiento, este ser\u00e1 adem\u00e1s el primer evento Zero\u00a0Waste\u00a0que se realiza en Canc\u00fan, un reto ambiental que busca generar\u00a0cero basura\u00a0durante los diez d\u00edas del torneo.<br \/>\nPara lograrlo, el municipio operar\u00e1 islas de reciclaje, estaciones para llenado de termos, campa\u00f1as para reducir pl\u00e1sticos de un solo uso y brigadas de educaci\u00f3n ambiental. \u201cQueremos que el Mundial de\u00a0Socca\u00a0no solo deje una huella deportiva, sino un mensaje claro de sostenibilidad\u201d, a\u00f1adi\u00f3 la alcaldesa.<br \/>\nEl Malec\u00f3n\u00a0tambi\u00e9n\u00a0se convertir\u00e1 en un corredor cultural y gastron\u00f3mico con m\u00e1s de 60 expositores, entre artesanos, artistas locales, cocineros y emprendedores. La intenci\u00f3n es que visitantes, delegaciones y familias disfruten la experiencia completa de Canc\u00fan, m\u00e1s all\u00e1 de la cancha.<br \/>\nEn d\u00edas previos, el municipio recibi\u00f3 a la Federaci\u00f3n Internacional de\u00a0Socca, cuyos directivos realizaron inspecciones finales y sostuvieron reuniones con autoridades locales. Entre los asistentes estuvieron\u00a0Steph\u00a0Spacey, directora ejecutiva de la federaci\u00f3n; Thanos Papadopoulos, CEO; David Leone, presidente; y representantes del TUI\u00a0World\u00a0Group, patrocinador global del torneo. \u201cEs un orgullo que Canc\u00fan sea sede de un evento de talla mundial\u201d, expres\u00f3 Peralta al darles la bienvenida.<br \/>\nPROGRAMA ESTELAR DE APERTURA<br \/>\nLa emoci\u00f3n crecer\u00e1 este\u00a0s\u00e1bado\u00a029 de noviembre, cuando inicie la Fase de Grupos:<br \/>\n19:00 h \u2013 Ceremonia de apertura<br \/>\n20:00 h \u2013 M\u00e9xico vs B\u00e9lgica<br \/>\n21:00 h \u2013 Brasil vs Hungr\u00eda<br \/>\n22:00 h \u2013 Espa\u00f1a vs Colombia<\/p>\n","protected":false},"excerpt":{"rendered":"<p>Canc\u00fan vuelve a colocarse en el mapa del deporte internacional con el arranque del TUI\u00a0Socca\u00a0WorldChampionship\u00a02025, que se celebrar\u00e1 del 28 de noviembre al 7 de diciembre en el Malec\u00f3n Tajamar. La presidenta municipal Ana Paty Peralta confirm\u00f3 que la ciudad ya est\u00e1 lista para recibir a las m\u00e1s de 32 selecciones que competir\u00e1n en este [&hellip;]<\/p>\n","protected":false},"author":8,"featured_media":58584,"comment_status":"closed","ping_status":"closed","sticky":false,"template":"","format":"standard","meta":{"footnotes":""},"categories":[55],"tags":[],"class_list":["post-58583","post","type-post","status-publish","format-standard","has-post-thumbnail","hentry","category-nacional"],"jetpack-related-posts":[],"_links":{"self":[{"href":"https:\/\/circulorojoslp.com\/index.php?rest_route=\/wp\/v2\/posts\/58583"}],"collection":[{"href":"https:\/\/circulorojoslp.com\/index.php?rest_route=\/wp\/v2\/posts"}],"about":[{"href":"https:\/\/circulorojoslp.com\/index.php?rest_route=\/wp\/v2\/types\/post"}],"author":[{"embeddable":true,"href":"https:\/\/circulorojoslp.com\/index.php?rest_route=\/wp\/v2\/users\/8"}],"replies":[{"embeddable":true,"href":"https:\/\/circulorojoslp.com\/index.php?rest_route=%2Fwp%2Fv2%2Fcomments&post=58583"}],"version-history":[{"count":0,"href":"https:\/\/circulorojoslp.com\/index.php?rest_route=\/wp\/v2\/posts\/58583\/revisions"}],"wp:featuredmedia":[{"embeddable":true,"href":"https:\/\/circulorojoslp.com\/index.php?rest_route=\/wp\/v2\/media\/58584"}],"wp:attachment":[{"href":"https:\/\/circulorojoslp.com\/index.php?rest_route=%2Fwp%2Fv2%2Fmedia&parent=58583"}],"wp:term":[{"taxonomy":"category","embeddable":true,"href":"https:\/\/circulorojoslp.com\/index.php?rest_route=%2Fwp%2Fv2%2Fcategories&post=58583"},{"taxonomy":"post_tag","embeddable":true,"href":"https:\/\/circulorojoslp.com\/index.php?rest_route=%2Fwp%2Fv2%2Ftags&post=58583"}],"curies":[{"name":"wp","href":"https:\/\/api.w.org\/{rel}","templated":true}]}}