{"id":57849,"date":"2025-09-18T23:12:45","date_gmt":"2025-09-19T05:12:45","guid":{"rendered":"https:\/\/circulorojoslp.com\/?p=57849"},"modified":"2025-09-18T23:12:45","modified_gmt":"2025-09-19T05:12:45","slug":"ninas-y-ninos-de-villa-de-pozos-celebraron-tradiciones-mexicanas","status":"publish","type":"post","link":"https:\/\/circulorojoslp.com\/?p=57849","title":{"rendered":"NI\u00d1AS Y NI\u00d1OS DE VILLA DE POZOS CELEBRARON TRADICIONES MEXICANAS"},"content":{"rendered":"<p>\u2013 El DIF Municipal llev\u00f3 alegr\u00eda y cultura al Centro Educativo TEPEU con juegos y convivencia.<br \/>\nEn el marco de las celebraciones del mes patrio, el Gobierno Municipal de Villa de Pozos, a trav\u00e9s del DIF Municipal, realiz\u00f3 una emotiva jornada con ni\u00f1as y ni\u00f1os en el Centro Educativo TEPEU, donde se vivi\u00f3 una fiesta llena de tradiciones, alegr\u00eda y valores mexicanos.<br \/>\nLa presidenta del DIF Municipal, Laura Ang\u00e9lica Villanueva Hern\u00e1ndez, destac\u00f3 que durante la actividad se rindieron honores a la bandera y se llevaron a cabo din\u00e1micas que reforzaron la identidad nacional con juegos como la loter\u00eda y el tiro al blanco fueron parte de las actividades que hicieron disfrutar a las y los peque\u00f1os.<br \/>\nAdem\u00e1s, las ni\u00f1as y los ni\u00f1os compartieron momentos de convivencia en un ambiente festivo, con comida t\u00edpica como elotes preparados que dieron sabor y color a la celebraci\u00f3n, convirti\u00e9ndose en un s\u00edmbolo de uni\u00f3n.<br \/>\nVillanueva Hern\u00e1ndez, se\u00f1al\u00f3 que este tipo de eventos fortalecen los lazos de convivencia, el respeto a los s\u00edmbolos patrios y el amor por las ra\u00edces culturales que dejaron una experiencia positiva en la ni\u00f1ez de Villa de Pozos y fomentaron el orgullo de ser mexicanos.<\/p>\n","protected":false},"excerpt":{"rendered":"<p>\u2013 El DIF Municipal llev\u00f3 alegr\u00eda y cultura al Centro Educativo TEPEU con juegos y convivencia. En el marco de las celebraciones del mes patrio, el Gobierno Municipal de Villa de Pozos, a trav\u00e9s del DIF Municipal, realiz\u00f3 una emotiva jornada con ni\u00f1as y ni\u00f1os en el Centro Educativo TEPEU, donde se vivi\u00f3 una fiesta [&hellip;]<\/p>\n","protected":false},"author":8,"featured_media":57850,"comment_status":"closed","ping_status":"closed","sticky":false,"template":"","format":"standard","meta":{"footnotes":""},"categories":[59],"tags":[],"class_list":["post-57849","post","type-post","status-publish","format-standard","has-post-thumbnail","hentry","category-villadepozos"],"jetpack-related-posts":[],"_links":{"self":[{"href":"https:\/\/circulorojoslp.com\/index.php?rest_route=\/wp\/v2\/posts\/57849"}],"collection":[{"href":"https:\/\/circulorojoslp.com\/index.php?rest_route=\/wp\/v2\/posts"}],"about":[{"href":"https:\/\/circulorojoslp.com\/index.php?rest_route=\/wp\/v2\/types\/post"}],"author":[{"embeddable":true,"href":"https:\/\/circulorojoslp.com\/index.php?rest_route=\/wp\/v2\/users\/8"}],"replies":[{"embeddable":true,"href":"https:\/\/circulorojoslp.com\/index.php?rest_route=%2Fwp%2Fv2%2Fcomments&post=57849"}],"version-history":[{"count":0,"href":"https:\/\/circulorojoslp.com\/index.php?rest_route=\/wp\/v2\/posts\/57849\/revisions"}],"wp:featuredmedia":[{"embeddable":true,"href":"https:\/\/circulorojoslp.com\/index.php?rest_route=\/wp\/v2\/media\/57850"}],"wp:attachment":[{"href":"https:\/\/circulorojoslp.com\/index.php?rest_route=%2Fwp%2Fv2%2Fmedia&parent=57849"}],"wp:term":[{"taxonomy":"category","embeddable":true,"href":"https:\/\/circulorojoslp.com\/index.php?rest_route=%2Fwp%2Fv2%2Fcategories&post=57849"},{"taxonomy":"post_tag","embeddable":true,"href":"https:\/\/circulorojoslp.com\/index.php?rest_route=%2Fwp%2Fv2%2Ftags&post=57849"}],"curies":[{"name":"wp","href":"https:\/\/api.w.org\/{rel}","templated":true}]}}