{"id":57623,"date":"2025-08-28T22:16:03","date_gmt":"2025-08-29T04:16:03","guid":{"rendered":"https:\/\/circulorojoslp.com\/?p=57623"},"modified":"2025-08-28T22:16:03","modified_gmt":"2025-08-29T04:16:03","slug":"villa-de-pozos-impulsa-futuro-academico-con-feria-educativa","status":"publish","type":"post","link":"https:\/\/circulorojoslp.com\/?p=57623","title":{"rendered":"VILLA DE POZOS IMPULSA FUTURO ACAD\u00c9MICO CON FERIA EDUCATIVA"},"content":{"rendered":"<p>\u2013 El Gobierno Municipal realizar\u00e1 el 30 de agosto una jornada en la plaza principal con orientaci\u00f3n vocacional, promoci\u00f3n de carreras t\u00e9cnicas y servicios gratuitos para la poblaci\u00f3n.<br \/>\nEl Gobierno Municipal de Villa de Pozos, a trav\u00e9s de la Direcci\u00f3n de Educaci\u00f3n, llevar\u00e1 a cabo una Feria Educativa el pr\u00f3ximo 30 de agosto en la plaza principal de la localidad con el objetivo de brindar informaci\u00f3n personalizada y directa sobre distintas opciones de formaci\u00f3n profesional, con especial \u00e9nfasis en las carreras t\u00e9cnicas, que representan una alternativa viable y de alta demanda en el mercado laboral actual.<br \/>\nEl director de Educaci\u00f3n, Omar Salvador Garc\u00eda Oliveros, inform\u00f3 que durante la feria se contar\u00e1 con la participaci\u00f3n de instituciones educativas, las cuales ofrecer\u00e1n orientaci\u00f3n vocacional, asesor\u00eda sobre planes de estudio, becas y requisitos de ingreso y se promover\u00e1n carreras t\u00e9cnicas como una opci\u00f3n accesible y eficiente para integrarse r\u00e1pidamente al \u00e1mbito laboral.<br \/>\nAdem\u00e1s del enfoque educativo, el evento incluir\u00e1 una serie de servicios gratuitos para la ciudadan\u00eda, tales como toma de signos vitales, medici\u00f3n de presi\u00f3n arterial, pruebas de glucosa y VIH, as\u00ed como servicios de peluquer\u00eda y belleza, que incluir\u00e1n peinados y aplicaci\u00f3n de u\u00f1as.<br \/>\nGarc\u00eda Oliveros, destac\u00f3 que esta feria es posible gracias al trabajo coordinado con las direcciones de Desarrollo Econ\u00f3mico y Deporte e invit\u00f3 a estudiantes y p\u00fablico en general interesado en conocer las distintas oportunidades formativas y acceder a servicios de salud y cuidado personal sin costo alguno.<\/p>\n","protected":false},"excerpt":{"rendered":"<p>\u2013 El Gobierno Municipal realizar\u00e1 el 30 de agosto una jornada en la plaza principal con orientaci\u00f3n vocacional, promoci\u00f3n de carreras t\u00e9cnicas y servicios gratuitos para la poblaci\u00f3n. El Gobierno Municipal de Villa de Pozos, a trav\u00e9s de la Direcci\u00f3n de Educaci\u00f3n, llevar\u00e1 a cabo una Feria Educativa el pr\u00f3ximo 30 de agosto en la [&hellip;]<\/p>\n","protected":false},"author":8,"featured_media":57624,"comment_status":"closed","ping_status":"closed","sticky":false,"template":"","format":"standard","meta":{"footnotes":""},"categories":[1,59],"tags":[],"class_list":["post-57623","post","type-post","status-publish","format-standard","has-post-thumbnail","hentry","category-uncategorized","category-villadepozos"],"jetpack-related-posts":[],"_links":{"self":[{"href":"https:\/\/circulorojoslp.com\/index.php?rest_route=\/wp\/v2\/posts\/57623"}],"collection":[{"href":"https:\/\/circulorojoslp.com\/index.php?rest_route=\/wp\/v2\/posts"}],"about":[{"href":"https:\/\/circulorojoslp.com\/index.php?rest_route=\/wp\/v2\/types\/post"}],"author":[{"embeddable":true,"href":"https:\/\/circulorojoslp.com\/index.php?rest_route=\/wp\/v2\/users\/8"}],"replies":[{"embeddable":true,"href":"https:\/\/circulorojoslp.com\/index.php?rest_route=%2Fwp%2Fv2%2Fcomments&post=57623"}],"version-history":[{"count":0,"href":"https:\/\/circulorojoslp.com\/index.php?rest_route=\/wp\/v2\/posts\/57623\/revisions"}],"wp:featuredmedia":[{"embeddable":true,"href":"https:\/\/circulorojoslp.com\/index.php?rest_route=\/wp\/v2\/media\/57624"}],"wp:attachment":[{"href":"https:\/\/circulorojoslp.com\/index.php?rest_route=%2Fwp%2Fv2%2Fmedia&parent=57623"}],"wp:term":[{"taxonomy":"category","embeddable":true,"href":"https:\/\/circulorojoslp.com\/index.php?rest_route=%2Fwp%2Fv2%2Fcategories&post=57623"},{"taxonomy":"post_tag","embeddable":true,"href":"https:\/\/circulorojoslp.com\/index.php?rest_route=%2Fwp%2Fv2%2Ftags&post=57623"}],"curies":[{"name":"wp","href":"https:\/\/api.w.org\/{rel}","templated":true}]}}