{"id":57545,"date":"2025-08-20T13:48:46","date_gmt":"2025-08-20T19:48:46","guid":{"rendered":"https:\/\/circulorojoslp.com\/?p=57545"},"modified":"2025-08-20T13:48:46","modified_gmt":"2025-08-20T19:48:46","slug":"ratifican-a-genaro-lozano-valencia-como-embajador-de-mexico-en-italia","status":"publish","type":"post","link":"https:\/\/circulorojoslp.com\/?p=57545","title":{"rendered":"Ratifican a Genaro Lozano Valencia como embajador de M\u00e9xico en Italia"},"content":{"rendered":"<p>Morena y sus aliados ratificaron en fast track los nombramientos del comunicador y conductor de televisi\u00f3n<\/p>\n<p>Con 25 votos a favor de\u00a0Morena\u00a0y sus aliados, y 9 en contra de la oposici\u00f3n, la Comisi\u00f3n Permanente del\u00a0Congreso\u00a0ratific\u00f3 en fast track los nombramientos del comunicador y conductor de televisi\u00f3n, Genaro Lozano Valencia como\u00a0embajador\u00a0de M\u00e9xico en\u00a0Italia.<br \/>\nEn sesi\u00f3n en la antigua Casona de Xicot\u00e9ncatl, el propuesto como embajador por la presidenta\u00a0Claudia Sheinbaum Pardo\u00a0compareci\u00f3 ante la Primera Comisi\u00f3n de la Permanente de Asuntos Pol\u00edticos e Internacionales, donde expuso sus planes de\u00a0trabajo.<br \/>\nCon 12 votos a favor y 2 en contra del\u00a0PAN\u00a0y\u00a0PRI, el nombramiento avanz\u00f3 y de inmediato se envi\u00f3 a la sesi\u00f3n del Pleno de la Comisi\u00f3n Permanente donde tambi\u00e9n fue votado a favor con 25 votos y 9 en contra del PAN y PRI.\u00a0 Durante la discusi\u00f3n, el diputado y coordinador del PRI en San L\u00e1zaro, Rub\u00e9n Moreira critic\u00f3 que se aprueben nombramientos con poco tiempo y sin poder analizar bien los perfiles de los aspirantes a embajadores. Adem\u00e1s rechaz\u00f3 darle el voto a Genaro Lozano.<br \/>\nEl diputado federal\u00a0Federico D\u00f6ring\u00a0tambi\u00e9n mostr\u00f3 su\u00a0voto\u00a0en contra del nombramiento de\u00a0Genaro Lozano\u00a0a quien calific\u00f3 como una \u201cfoca amaestrada y se acomoda al poder pol\u00edtico\u201d.<br \/>\nEligen embajadores de Indonesia e Italia<br \/>\nAsimismo, por unanimidad se aval\u00f3 el nombramiento de Francisco de la Torre Galindo como\u00a0embajador\u00a0en\u00a0Indonesia.<br \/>\nLos embajadores nombrados rindieron protesta para asumir de inmediato el cargo ante el Pleno de la Comisi\u00f3n Permanente.<br \/>\nDurante la presentaci\u00f3n que realiz\u00f3 el senador por Morena y presidente de la comisi\u00f3n, Enrique Inzunza C\u00e1zarez detall\u00f3 que Genaro Lozano es licenciado en relaciones internacionales y cuenta con una maestr\u00eda en Ciencia Pol\u00edtica, adem\u00e1s de candidato a doctor en una universidad de Estados Unidos.<br \/>\nEn su exposici\u00f3n, Lozano Valencia destac\u00f3 un liderazgo s\u00f3lido de la presidenta Claudia Sheinbaum Pardo, y asever\u00f3 que con Italia se tiene una relaci\u00f3n fraterna, con confianza mutua y comercio que supera los 11 mil millones de euros, por lo que es el segundo socio comercial en Am\u00e9rica, solo por detr\u00e1s de\u00a0Estados Unidos.<\/p>\n<p>FOTO: Cuartoscuro<br \/>\nDetall\u00f3 que como embajador tendr\u00e1 un plan de ocho ejes, primordialmente en comercio, fortalecer la relaci\u00f3n pol\u00edtica y diplom\u00e1tica, promoci\u00f3n de la cultura y turismo mexicano, fomento de la cooperaci\u00f3n en educaci\u00f3n e investigaci\u00f3n, hacer comunidad mexicana, promover a M\u00e9xico durante la copa de Mundial de Futbol y la igualdad sustantiva.<br \/>\nPor su parte, Francisco de la Torre Galindo, propuesto como \u00a0embajador en Indonesia sostuvo que ambas naciones coinciden en foros estrat\u00e9gicos y en los pol\u00edticos.\u00a0 Dijo que \u00e9l es parte del servicio exterior y en 2009 fue a la escuela diplom\u00e1tica en Indonesia.<br \/>\nComo parte de su plan de trabajo, promover\u00e1 que desde la embajada se impulse una agenda con enfoque de derechos humanos, e igualdad, sustantiva, que articule el \u00e1mbito bilateral, multilateral, comunitario, econ\u00f3mico y cultural.<br \/>\nResalt\u00f3 que una de las oportunidades para la embajada en Indonesia, es la recuperaci\u00f3n de bienes patrimoniales, robados, obtenidos, il\u00edcitamente.<\/p>\n","protected":false},"excerpt":{"rendered":"<p>Morena y sus aliados ratificaron en fast track los nombramientos del comunicador y conductor de televisi\u00f3n Con 25 votos a favor de\u00a0Morena\u00a0y sus aliados, y 9 en contra de la oposici\u00f3n, la Comisi\u00f3n Permanente del\u00a0Congreso\u00a0ratific\u00f3 en fast track los nombramientos del comunicador y conductor de televisi\u00f3n, Genaro Lozano Valencia como\u00a0embajador\u00a0de M\u00e9xico en\u00a0Italia. En sesi\u00f3n en [&hellip;]<\/p>\n","protected":false},"author":8,"featured_media":57546,"comment_status":"closed","ping_status":"closed","sticky":false,"template":"","format":"standard","meta":{"footnotes":""},"categories":[55],"tags":[],"class_list":["post-57545","post","type-post","status-publish","format-standard","has-post-thumbnail","hentry","category-nacional"],"jetpack-related-posts":[],"_links":{"self":[{"href":"https:\/\/circulorojoslp.com\/index.php?rest_route=\/wp\/v2\/posts\/57545"}],"collection":[{"href":"https:\/\/circulorojoslp.com\/index.php?rest_route=\/wp\/v2\/posts"}],"about":[{"href":"https:\/\/circulorojoslp.com\/index.php?rest_route=\/wp\/v2\/types\/post"}],"author":[{"embeddable":true,"href":"https:\/\/circulorojoslp.com\/index.php?rest_route=\/wp\/v2\/users\/8"}],"replies":[{"embeddable":true,"href":"https:\/\/circulorojoslp.com\/index.php?rest_route=%2Fwp%2Fv2%2Fcomments&post=57545"}],"version-history":[{"count":0,"href":"https:\/\/circulorojoslp.com\/index.php?rest_route=\/wp\/v2\/posts\/57545\/revisions"}],"wp:featuredmedia":[{"embeddable":true,"href":"https:\/\/circulorojoslp.com\/index.php?rest_route=\/wp\/v2\/media\/57546"}],"wp:attachment":[{"href":"https:\/\/circulorojoslp.com\/index.php?rest_route=%2Fwp%2Fv2%2Fmedia&parent=57545"}],"wp:term":[{"taxonomy":"category","embeddable":true,"href":"https:\/\/circulorojoslp.com\/index.php?rest_route=%2Fwp%2Fv2%2Fcategories&post=57545"},{"taxonomy":"post_tag","embeddable":true,"href":"https:\/\/circulorojoslp.com\/index.php?rest_route=%2Fwp%2Fv2%2Ftags&post=57545"}],"curies":[{"name":"wp","href":"https:\/\/api.w.org\/{rel}","templated":true}]}}