{"id":57521,"date":"2025-08-19T15:35:26","date_gmt":"2025-08-19T21:35:26","guid":{"rendered":"https:\/\/circulorojoslp.com\/?p=57521"},"modified":"2025-08-19T15:35:26","modified_gmt":"2025-08-19T21:35:26","slug":"ultima-sesion-de-la-scjn-norma-pina-presentara-informe-final-el-26-de-agosto","status":"publish","type":"post","link":"https:\/\/circulorojoslp.com\/?p=57521","title":{"rendered":"\u00daltima sesi\u00f3n de la SCJN: Norma Pi\u00f1a presentar\u00e1 informe final el 26 de agosto"},"content":{"rendered":"<p>La\u00a0Suprema Corte de Justicia de la Naci\u00f3n (SCJN)\u00a0rendir\u00e1 su\u00a0\u00faltima sesi\u00f3n solemne\u00a0el pr\u00f3ximo\u00a026 de agosto, donde se presentar\u00e1 el informe de labores de la actual integraci\u00f3n.<br \/>\nEl cierre se dar\u00e1 d\u00edas antes de que concluya formalmente sus funciones el\u00a031 de agosto, en el marco de la\u00a0reforma judicial aprobada en septiembre de 2024, que transformar\u00e1 la estructura del\u00a0Poder Judicial de la Federaci\u00f3n (PJF)\u00a0a partir del 1 de septiembre de 2025.<br \/>\nReformas y resoluciones previas al cierre<br \/>\nLa ministra presidenta\u00a0Norma Pi\u00f1a Hern\u00e1ndez\u00a0convoc\u00f3 a sesiones extraordinarias para atender los\u00a0asuntos electorales\u00a0que, por ley, deb\u00edan resolverse antes del\u00a028 de agosto.<br \/>\nEntre los temas destacados estuvieron:<\/p>\n<p>Acciones de inconstitucionalidad\u00a0contra la reforma judicial de Yucat\u00e1n, impugnada por la presidenta\u00a0Claudia Sheinbaum Pardo\u00a0y la\u00a0CNDH.<br \/>\nJuicios de inconformidad electoral\u00a0sobre la elecci\u00f3n de magistrados de la Sala Superior del\u00a0TEPJF.<br \/>\nEl expediente relativo al\u00a0c\u00f3mputo final y declaratoria de validez\u00a0de las elecciones extraordinarias de magistraturas del Poder Judicial.<\/p>\n<p>La\u00a0reforma judicial\u00a0establece que las impugnaciones deben quedar resueltas a m\u00e1s tardar el\u00a028 de agosto, a fin de validar los procesos derivados de la elecci\u00f3n judicial del\u00a01 de junio de 2025.<br \/>\nInforme final y cierre de salas<br \/>\nEn la sesi\u00f3n solemne del\u00a026 de agosto, adem\u00e1s del informe de la presidenta Norma Pi\u00f1a, tambi\u00e9n presentar\u00e1n sus reportes finales:<\/p>\n<p>Loretta Ortiz Ahlf, ministra de la Primera Sala.<br \/>\nJavier Laynez Potisek, ministro de la Segunda Sala.<\/p>\n<p>Ambas salas quedar\u00e1n\u00a0extinguidas el 1 de septiembre, como parte de la nueva estructura del Poder Judicial prevista en la reforma de 2024.<br \/>\nImpacto de la sesi\u00f3n final<br \/>\nEl informe de labores ser\u00e1 el \u00faltimo ejercicio de rendici\u00f3n de cuentas de la Corte bajo su modelo actual. A partir de septiembre, la reconfiguraci\u00f3n del\u00a0PJF\u00a0dar\u00e1 inicio con\u00a0nuevas magistraturas y ministros electos por voto popular, marcando un cambio hist\u00f3rico en la justicia mexicana.<br \/>\nLa sesi\u00f3n del\u00a026 de agosto\u00a0no solo cierra una etapa institucional, sino que tambi\u00e9n ser\u00e1 clave para\u00a0valorar el papel de la SCJN en la transici\u00f3n judicial.<\/p>\n","protected":false},"excerpt":{"rendered":"<p>La\u00a0Suprema Corte de Justicia de la Naci\u00f3n (SCJN)\u00a0rendir\u00e1 su\u00a0\u00faltima sesi\u00f3n solemne\u00a0el pr\u00f3ximo\u00a026 de agosto, donde se presentar\u00e1 el informe de labores de la actual integraci\u00f3n. El cierre se dar\u00e1 d\u00edas antes de que concluya formalmente sus funciones el\u00a031 de agosto, en el marco de la\u00a0reforma judicial aprobada en septiembre de 2024, que transformar\u00e1 la estructura [&hellip;]<\/p>\n","protected":false},"author":8,"featured_media":57522,"comment_status":"closed","ping_status":"closed","sticky":false,"template":"","format":"standard","meta":{"footnotes":""},"categories":[55],"tags":[],"class_list":["post-57521","post","type-post","status-publish","format-standard","has-post-thumbnail","hentry","category-nacional"],"jetpack-related-posts":[],"_links":{"self":[{"href":"https:\/\/circulorojoslp.com\/index.php?rest_route=\/wp\/v2\/posts\/57521"}],"collection":[{"href":"https:\/\/circulorojoslp.com\/index.php?rest_route=\/wp\/v2\/posts"}],"about":[{"href":"https:\/\/circulorojoslp.com\/index.php?rest_route=\/wp\/v2\/types\/post"}],"author":[{"embeddable":true,"href":"https:\/\/circulorojoslp.com\/index.php?rest_route=\/wp\/v2\/users\/8"}],"replies":[{"embeddable":true,"href":"https:\/\/circulorojoslp.com\/index.php?rest_route=%2Fwp%2Fv2%2Fcomments&post=57521"}],"version-history":[{"count":0,"href":"https:\/\/circulorojoslp.com\/index.php?rest_route=\/wp\/v2\/posts\/57521\/revisions"}],"wp:featuredmedia":[{"embeddable":true,"href":"https:\/\/circulorojoslp.com\/index.php?rest_route=\/wp\/v2\/media\/57522"}],"wp:attachment":[{"href":"https:\/\/circulorojoslp.com\/index.php?rest_route=%2Fwp%2Fv2%2Fmedia&parent=57521"}],"wp:term":[{"taxonomy":"category","embeddable":true,"href":"https:\/\/circulorojoslp.com\/index.php?rest_route=%2Fwp%2Fv2%2Fcategories&post=57521"},{"taxonomy":"post_tag","embeddable":true,"href":"https:\/\/circulorojoslp.com\/index.php?rest_route=%2Fwp%2Fv2%2Ftags&post=57521"}],"curies":[{"name":"wp","href":"https:\/\/api.w.org\/{rel}","templated":true}]}}