{"id":57515,"date":"2025-08-19T15:22:25","date_gmt":"2025-08-19T21:22:25","guid":{"rendered":"https:\/\/circulorojoslp.com\/?p=57515"},"modified":"2025-08-19T15:22:25","modified_gmt":"2025-08-19T21:22:25","slug":"mexico-no-tiene-ningun-acuerdo-con-la-dea-aclara-sheinbaum-sobre-proyecto-portero","status":"publish","type":"post","link":"https:\/\/circulorojoslp.com\/?p=57515","title":{"rendered":"\u2018M\u00e9xico no tiene ning\u00fan acuerdo con la DEA\u2019, aclara Sheinbaum sobre Proyecto Portero"},"content":{"rendered":"<p>Es martes de salud en la conferencia matutina de la presidenta Claudia Sheinbaum. Conoce los anuncios m\u00e1s recientes sobre el IMSS y compra de medicinas.<br \/>\nLa presidenta\u00a0Claudia Sheinbaum\u00a0neg\u00f3 que su gobierno hubiera llegado a un acuerdo con la\u00a0Administraci\u00f3n de Control de Drogas (DEA)\u00a0luego que esta \u00faltima anunci\u00f3 el Proyecto Portero.<br \/>\nLa mandataria dijo que en caso de celebrar un acuerdo en cualquier materia, en este caso de seguridad, ser\u00eda con el gobierno de Estados Unidos y\u00a0se realizar\u00eda un anuncio conjunto. Sin embargo, dijo desconocer por qu\u00e9 se lanz\u00f3 esta informaci\u00f3n.<br \/>\nSheinbaum insiste a EU explicar c\u00f3mo ocurri\u00f3 el arresto de \u2018El Mayo\u2019 Zambada<br \/>\nLa mandataria federal insisti\u00f3 al gobierno de Estados Unidos que ofrezca informaci\u00f3n respecto a\u00a0c\u00f3mo ocurri\u00f3 el arresto de \u2018El Mayo\u2019 Zambada\u00a0el pasado\u00a025 de julio de 2025, que provoc\u00f3 una fractura dentro del C\u00e1rtel de Sinaloa, que se mantiene en disputa por el control del poder.<br \/>\n\u201cNo todav\u00eda seguimos insistiendo c\u00f3mo fue que llego este miembro de la delincuencia organizada a Estados Unidos\u201d, coment\u00f3.<br \/>\nAdem\u00e1s, aprovech\u00f3 para criticar que est\u00e9\u00a0negociando con el narcotraficante\u00a0y pidi\u00f3 que\u00a0cualquier se\u00f1alamiento que pueda surgir\u00a0el gobierno de EU tiene que\u00a0ofrecer las pruebas\u00a0para que la Fiscal\u00eda General de la Rep\u00fablica realice una investigaci\u00f3n y solicite al Poder Judicial una orden de aprehensi\u00f3n.<br \/>\nSheinbaum confirma que Julio C\u00e9sar Ch\u00e1vez Jr. fue deportado a M\u00e9xico<br \/>\nLa presidenta\u00a0Sheinbaum confirm\u00f3 que Julio C\u00e9sar Ch\u00e1vez Jr. fue deportado a M\u00e9xico\u00a0luego de que fuera detenido a principios de julio en Estados Unidos.<\/p>\n<p>La mandataria pidi\u00f3 al secretario de Seguridad informar al respecto, pues el\u00a0exboxeador cuenta con una orden de aprehensi\u00f3n\u00a0por el delito de delincuencia organizada.<br \/>\n\u201cEntiendo que fue deportado.\u00a0Nos informaron que iba a llegar a M\u00e9xico. Que no lo informe el secretario (de Seguridad). Hab\u00eda una orden de aprehensi\u00f3n en M\u00e9xico de la Fiscal\u00eda General de la Rep\u00fablica\u201d, explic\u00f3.<br \/>\nSheinbaum pide no intervenci\u00f3n ante despliegue de EU cerca de Venezuela<br \/>\nLa presidenta\u00a0Claudia Sheinbaum\u00a0se refiri\u00f3 al reciente reporte sobre el despliegue de tres\u00a0destructores con misiles guiados de las fuerzas armadas estadounidenses\u00a0en aguas cercanas a Venezuela, luego de que Washington considerara una amenaza a los c\u00e1rteles de la droga.<br \/>\nLa mandataria rechaz\u00f3 el intervencionismo ante una\u00a0posible operaci\u00f3n de Estados Unidos\u00a0contra el gobierno de Venezuela, luego de que\u00a0Nicol\u00e1s Maduro fuera se\u00f1alado como presunto l\u00edder de un c\u00e1rtel\u00a0acusado de tr\u00e1fico de drogas.<br \/>\n\u201cNo al intervencionismo. No solamente es convicci\u00f3n, sino que est\u00e1 en la Constituci\u00f3n (\u2026). No intervenci\u00f3n, todo se resuelve con di\u00e1logo\u201d, coment\u00f3.<br \/>\nSheinbaum pone el ojo sobre los Oples de cara a la reforma electoral<br \/>\nLa presidenta\u00a0Claudia Sheinbaum\u00a0pone sobre la mesa la discusi\u00f3n sobre el papel que tienen los Organismos P\u00fablicos Locales Electorales (Oples) cuando ya se tienen al\u00a0Instituto Nacional Electoral (INE), que se encarga de algunas tareas de los procesos locales.<br \/>\nLos cuestionamientos de la mandataria se dan en medio de la discusi\u00f3n de la una\u00a0reforma electoral, donde tambi\u00e9n plante\u00f3 la\u00a0posibilidad de eliminar los plurinominales\u00a0como se les conoce, pues considera que no son electos por la ciudadan\u00eda y busca beneficiar a algunos perfiles pol\u00edticos.<br \/>\n\u201cNo quisiera entrar en este momento en ese debate (sobre las Oples). Ha habido buenas experiencias y ha habido muy malas experiencias.\u00a0No tienen sentido que tenga las mismas funciones una instituci\u00f3n y otra. Hoy toda la fiscalizaci\u00f3n se lleva a nivel federal, entonces\u00a0qu\u00e9 tanto sentido tienen las instituciones locales\u00a0cuando ya hay una instituci\u00f3n federal\u201d, coment\u00f3.<br \/>\nGobierno lanzar\u00e1 campa\u00f1a masiva para evitar exceso de consumo de refrescos<br \/>\nLuego de las cifras que se\u00f1alan los altos niveles de consumo de\u00a0bebidas azucaradas\u00a0en M\u00e9xico y los\u00a0da\u00f1os que pueden provocar en caso de una ingesta excesiva\u00a0o por periodos prolongados, el gobierno federal anunci\u00f3 una\u00a0campa\u00f1a para concientizar sobre este producto.<br \/>\nLa mandataria Sheinbaum no critic\u00f3 a las empresas productoras de refrescos por el uso excesivo de az\u00facar, en su lugar dijo que el problema es que sea un consumo excesivo.<br \/>\nNo se dio detalles sobre los canales donde ser\u00e1 transmitido el mensaje y el tiempo en que se mantendr\u00e1 al aire y si involucra otras acciones como platicas en escuelas p\u00fablicas.<br \/>\nArranca Rutas de la Salud \u00bfQu\u00e9 es y c\u00f3mo funciona el nuevo plan del gobierno?<br \/>\nEste martes 19 de agosto, el gobierno federal dio el banderazo de salida a las\u00a0Rutas de la Salud\u00a0que busca\u00a0garantizar el abasto de medicamentos\u00a0en los diferentes centros de salud del IMSS-Bienestar.<br \/>\nLo que buscan es que\u00a0haya suficientes medicinas, por lo menos para un mes de surtido de recetas de las y los pacientes que puedan asistir a las cl\u00ednicas para recibir atenci\u00f3n gratuita.<br \/>\n\u201cDe lo que se trata es de armar un stock log\u00edstico, es decir, un paquete ordenado y sistem\u00e1tico que est\u00e9 homologado en todos los centros de salud. La idea es que todos los centros de salud tengan el mismo n\u00famero de medicamentos para aplicarse en el primer nivel de atenci\u00f3n con un volumen estandarizado. Es decir, mandamos el medicamento para la hipertensi\u00f3n que dicen la Pronam y, por tanto,\u00a0aseguramos que el paciente que sea hipertenso y que vaya a una cl\u00ednica de IMSS-Bienestar reciba el mejor medicamento\u201d, explic\u00f3 Alejandro Svarch.<br \/>\n\u00bfTomas mucha \u2018coquita\u2019? Estos son los da\u00f1os a la salud por el consumo de refrescos<br \/>\nDavid Kershenobich, titular de la Secretar\u00eda de Salud, coment\u00f3 que los mexicanos\u00a0consumen en promedio 166 litros de refresco al a\u00f1o, lo que nos posiciona como uno de los pa\u00edses que m\u00e1s consume bebidas azucaradas. Esto representa tomar\u00a015 cucharadas de az\u00facar en un d\u00eda, seg\u00fan estimaciones por el contenido de una\u00a0bebida de 600 mililitros.<br \/>\nSe le atribuye al consumo de bebidas azucaradas, 1 de cada 3 nuevas casos de\u00a0diabetes mellitus\u00a0y 1 de cada 7 nuevos casos de\u00a0enfermedades cardiovasculares.<br \/>\nDurante 2024, se registraron 192 mil 563 muertes por enfermedades cardiovasculares y 112 mil 641 por diabetes mellitus, que las bebidas azucaradas no son la \u00fanica causa, pero s\u00ed una constante.<br \/>\nSin embargo, las bebidas bajas en az\u00facares, conocidas por su presentaci\u00f3n\u00a0light, tambi\u00e9n pude traer consigo un riesgo, ya que puede\u00a0incrementar el riesgo de infarto o hemorragia cerebral\u00a0entre un 31 por ciento. Adem\u00e1s que se producen m\u00e1s bacterias intestinales da\u00f1inas.<br \/>\nSheinbaum desmiente operaci\u00f3n conjunta con la DEA<br \/>\nLa presidenta Claudia Sheinbaum aclar\u00f3 que no se tiene ning\u00fan\u00a0acuerdo entre el gobierno de M\u00e9xico con la Administraci\u00f3n de Control de Drogas (DEA), luego que se emitiera un comunicado es esta \u00faltima dependencia que as\u00ed lo afirmaba.<br \/>\n\u201cEl d\u00eda de ayer la DEA emiti\u00f3 un comunicado, diciendo que hay un\u00a0acuerdo con el gobierno M\u00e9xico para una operaci\u00f3n que llaman Portero. No hay ning\u00fan acuerdo con la DEA. La DEA emite el comunicado, no sabemos con base en qu\u00e9. Nosotros no hemos llegado a ning\u00fan acuerdo, ninguna de las instituciones de seguridad con la DEA. Lo \u00fanico que hay es un grupo de polic\u00edas que estaban llevando un taller en Texas, es todo lo que hay.\u00a0No sabemos por qu\u00e9 emitieron este comunicado\u201d, coment\u00f3 la mandataria.<br \/>\nDe acuerdo con la comunicaci\u00f3n de la DEA, se trata del Proyecto Portero, que busca\u00a0combatir el tr\u00e1fico de fentanilo y metanfetaminas, de armas y finanzas il\u00edcitas.<br \/>\n\u201cEl Proyecto Portero y este nuevo programa de capacitaci\u00f3n demuestran c\u00f3mo lucharemos: planificando y operando codo con codo con nuestros socios mexicanos y utilizando todo el poder\u201d, se lee en el comunicado de la DEA.<br \/>\n\u2018Ma\u00f1anera\u2019 de Claudia Sheinbaum: Posibles preguntas para la presidenta este martes<br \/>\nSe prev\u00e9 que Sheinbaum sea cuestionada sobre la decisi\u00f3n de\u00a0Ismael \u2018El Mayo\u2019 Zambada de declararse culpable ante el juez que sentenci\u00f3 al \u2018Chapo\u2019, Brian Cogan, en una audiencia el pr\u00f3ximo lunes 25 de agosto.<br \/>\nEl exl\u00edder del C\u00e1rtel de Sinaloa hab\u00eda exigido\u00a0su repatriaci\u00f3n al Gobierno de M\u00e9xico. La administraci\u00f3n federal pidi\u00f3\u00a0la extradici\u00f3n de Zambada al Gobierno del expresidente Joe Biden\u00a0en cuatro ocasiones, sin \u00e9xito alguno.<br \/>\nAlejandro Gertz Manero, fiscal general de la Rep\u00fablica, ha declarado que la captura del capo est\u00e1 rodeada de irregularidades, incluido\u00a0el posible secuestro de \u2018El Mayo\u2019 Zambada\u00a0y que su transporte a Estados Unidos fue ilegal.<br \/>\nSheinbaum tambi\u00e9n ser\u00e1 cuestionada sobre\u00a0Ricardo Monreal y Ad\u00e1n Augusto L\u00f3pez, coordinadores de Morena en la C\u00e1mara de Diputados y el Senado, respectivamente, con quienes se reuni\u00f3 durante la tarde-noche del lunes.<br \/>\n\u201cHay una serie de iniciativas que vamos a enviar al Congreso y vamos a presentar aqu\u00ed en la \u2018ma\u00f1anera\u2019. (Queremos que) ellos conozcan las iniciativas y cu\u00e1l es\u00a0el inter\u00e9s del Gobierno de cu\u00e1les iniciativas queremos que sean aprobadas\u201c, coment\u00f3 la mandataria.<br \/>\n\u00bfDe qu\u00e9 habl\u00f3 Sheinbaum en la \u2018ma\u00f1anera\u2019 del lunes?<br \/>\nLa presidenta con A defendi\u00f3 a la\u00a0escritora Beatriz Guti\u00e9rrez M\u00fcller, quien\u00a0desminti\u00f3 haberse mudado a un exclusivo barrio de Madrid, Espa\u00f1a, como public\u00f3 el diario\u00a0ABC.<br \/>\n\u201cYo sab\u00eda que ella viv\u00eda en M\u00e9xico, ella vive en M\u00e9xico, ya lo respondi\u00f3. \u00a1Ah, pero la mentira!\u201c, declar\u00f3.<br \/>\nLa mandataria inform\u00f3 que el problema para la distribuci\u00f3n de gasolina, que provoc\u00f3\u00a0desabasto en la Ciudad de M\u00e9xico, Edomex y Nuevo Le\u00f3n, qued\u00f3 resuelto durante el fin de semana.<\/p>\n","protected":false},"excerpt":{"rendered":"<p>Es martes de salud en la conferencia matutina de la presidenta Claudia Sheinbaum. Conoce los anuncios m\u00e1s recientes sobre el IMSS y compra de medicinas. La presidenta\u00a0Claudia Sheinbaum\u00a0neg\u00f3 que su gobierno hubiera llegado a un acuerdo con la\u00a0Administraci\u00f3n de Control de Drogas (DEA)\u00a0luego que esta \u00faltima anunci\u00f3 el Proyecto Portero. La mandataria dijo que en [&hellip;]<\/p>\n","protected":false},"author":8,"featured_media":57516,"comment_status":"closed","ping_status":"closed","sticky":false,"template":"","format":"standard","meta":{"footnotes":""},"categories":[55],"tags":[],"class_list":["post-57515","post","type-post","status-publish","format-standard","has-post-thumbnail","hentry","category-nacional"],"jetpack-related-posts":[],"_links":{"self":[{"href":"https:\/\/circulorojoslp.com\/index.php?rest_route=\/wp\/v2\/posts\/57515"}],"collection":[{"href":"https:\/\/circulorojoslp.com\/index.php?rest_route=\/wp\/v2\/posts"}],"about":[{"href":"https:\/\/circulorojoslp.com\/index.php?rest_route=\/wp\/v2\/types\/post"}],"author":[{"embeddable":true,"href":"https:\/\/circulorojoslp.com\/index.php?rest_route=\/wp\/v2\/users\/8"}],"replies":[{"embeddable":true,"href":"https:\/\/circulorojoslp.com\/index.php?rest_route=%2Fwp%2Fv2%2Fcomments&post=57515"}],"version-history":[{"count":0,"href":"https:\/\/circulorojoslp.com\/index.php?rest_route=\/wp\/v2\/posts\/57515\/revisions"}],"wp:featuredmedia":[{"embeddable":true,"href":"https:\/\/circulorojoslp.com\/index.php?rest_route=\/wp\/v2\/media\/57516"}],"wp:attachment":[{"href":"https:\/\/circulorojoslp.com\/index.php?rest_route=%2Fwp%2Fv2%2Fmedia&parent=57515"}],"wp:term":[{"taxonomy":"category","embeddable":true,"href":"https:\/\/circulorojoslp.com\/index.php?rest_route=%2Fwp%2Fv2%2Fcategories&post=57515"},{"taxonomy":"post_tag","embeddable":true,"href":"https:\/\/circulorojoslp.com\/index.php?rest_route=%2Fwp%2Fv2%2Ftags&post=57515"}],"curies":[{"name":"wp","href":"https:\/\/api.w.org\/{rel}","templated":true}]}}