{"id":57469,"date":"2025-08-15T22:50:42","date_gmt":"2025-08-16T04:50:42","guid":{"rendered":"https:\/\/circulorojoslp.com\/?p=57469"},"modified":"2025-08-15T22:50:42","modified_gmt":"2025-08-16T04:50:42","slug":"en-operativo-relampago-guardia-civil-de-villa-de-pozos-asegura-a-menor-con-vehiculo-robado","status":"publish","type":"post","link":"https:\/\/circulorojoslp.com\/?p=57469","title":{"rendered":"EN OPERATIVO REL\u00c1MPAGO, GUARDIA CIVIL DE VILLA DE POZOS ASEGURA A MENOR CON VEH\u00cdCULO ROBADO"},"content":{"rendered":"<p>-El menor fue asegurado conforme a protocolo y puesto a disposici\u00f3n de la Fiscal\u00eda General del Estado<br \/>\nComo parte de las acciones del Operativo Rel\u00e1mpago, implementado para concientizar a los conductores de motocicletas sobre las medidas preventivas y el uso obligatorio del casco, elementos de la Guardia Civil Municipal de Villa de Pozos realizaron diversas revisiones aleatorias en puntos estrat\u00e9gicos de la demarcaci\u00f3n.<br \/>\nDurante estas labores de prevenci\u00f3n, los agentes detectaron a un menor de edad que circulaba a bordo de una motocicleta en actitud sospechosa. Al realizar la verificaci\u00f3n del veh\u00edculo en la base de datos correspondiente, se confirm\u00f3 que contaba con reporte de robo vigente.<br \/>\nAnte esta situaci\u00f3n, el menor fue asegurado conforme a protocolo y puesto a disposici\u00f3n de la Fiscal\u00eda General del Estado, autoridad competente para determinar su situaci\u00f3n legal. La motocicleta tambi\u00e9n fue asegurada como parte de la evidencia.<br \/>\nLas autoridades reiteraron su compromiso de continuar con estos operativos, con el fin de fomentar la cultura vial, prevenir delitos y garantizar la seguridad de los habitantes de Villa de Pozos. Asimismo, hicieron un llamado a los padres de familia para supervisar la conducta de los menores y evitar que conduzcan veh\u00edculos sin la documentaci\u00f3n ni edad reglamentaria.<\/p>\n","protected":false},"excerpt":{"rendered":"<p>-El menor fue asegurado conforme a protocolo y puesto a disposici\u00f3n de la Fiscal\u00eda General del Estado Como parte de las acciones del Operativo Rel\u00e1mpago, implementado para concientizar a los conductores de motocicletas sobre las medidas preventivas y el uso obligatorio del casco, elementos de la Guardia Civil Municipal de Villa de Pozos realizaron diversas [&hellip;]<\/p>\n","protected":false},"author":8,"featured_media":57470,"comment_status":"closed","ping_status":"closed","sticky":false,"template":"","format":"standard","meta":{"footnotes":""},"categories":[59],"tags":[],"class_list":["post-57469","post","type-post","status-publish","format-standard","has-post-thumbnail","hentry","category-villadepozos"],"jetpack-related-posts":[],"_links":{"self":[{"href":"https:\/\/circulorojoslp.com\/index.php?rest_route=\/wp\/v2\/posts\/57469"}],"collection":[{"href":"https:\/\/circulorojoslp.com\/index.php?rest_route=\/wp\/v2\/posts"}],"about":[{"href":"https:\/\/circulorojoslp.com\/index.php?rest_route=\/wp\/v2\/types\/post"}],"author":[{"embeddable":true,"href":"https:\/\/circulorojoslp.com\/index.php?rest_route=\/wp\/v2\/users\/8"}],"replies":[{"embeddable":true,"href":"https:\/\/circulorojoslp.com\/index.php?rest_route=%2Fwp%2Fv2%2Fcomments&post=57469"}],"version-history":[{"count":0,"href":"https:\/\/circulorojoslp.com\/index.php?rest_route=\/wp\/v2\/posts\/57469\/revisions"}],"wp:featuredmedia":[{"embeddable":true,"href":"https:\/\/circulorojoslp.com\/index.php?rest_route=\/wp\/v2\/media\/57470"}],"wp:attachment":[{"href":"https:\/\/circulorojoslp.com\/index.php?rest_route=%2Fwp%2Fv2%2Fmedia&parent=57469"}],"wp:term":[{"taxonomy":"category","embeddable":true,"href":"https:\/\/circulorojoslp.com\/index.php?rest_route=%2Fwp%2Fv2%2Fcategories&post=57469"},{"taxonomy":"post_tag","embeddable":true,"href":"https:\/\/circulorojoslp.com\/index.php?rest_route=%2Fwp%2Fv2%2Ftags&post=57469"}],"curies":[{"name":"wp","href":"https:\/\/api.w.org\/{rel}","templated":true}]}}