{"id":57420,"date":"2025-08-14T21:42:10","date_gmt":"2025-08-15T03:42:10","guid":{"rendered":"https:\/\/circulorojoslp.com\/?p=57420"},"modified":"2025-08-14T21:42:10","modified_gmt":"2025-08-15T03:42:10","slug":"mexico-exige-deportacion-de-carlos-trevino-exdirector-de-pemex-por-caso-odebrecht","status":"publish","type":"post","link":"https:\/\/circulorojoslp.com\/?p=57420","title":{"rendered":"M\u00e9xico exige deportaci\u00f3n de Carlos Trevi\u00f1o, exdirector de Pemex, por caso Odebrecht"},"content":{"rendered":"<p>Arresto de Carlos Alberto Trevi\u00f1o Medina en Estados Unidos<br \/>\nEl\u00a014 de agosto, se confirm\u00f3 que\u00a0Carlos Alberto Trevi\u00f1o Medina, exdirector de Pemex (2017-2018), fue detenido en\u00a0Dallas, Texas, luego de ser vinculado con el\u00a0caso Odebrecht, uno de los esc\u00e1ndalos de corrupci\u00f3n m\u00e1s grandes en Am\u00e9rica Latina.<br \/>\nAgentes de la\u00a0Oficina de Detenciones y Deportaciones\u00a0(CBP) ejecutaron la detenci\u00f3n el\u00a012 de agosto, asegurando al exfuncionario estadounidense, quien ahora enfrenta un proceso de deportaci\u00f3n hacia M\u00e9xico.<br \/>\nContexto legal y solicitud de deportaci\u00f3n<br \/>\nLa\u00a0Fiscal\u00eda General de la Rep\u00fablica (FGR)\u00a0confirm\u00f3 que\u00a0M\u00e9xico solicit\u00f3 su deportaci\u00f3n, para que Trevi\u00f1o Medina pueda ser juzgado en su pa\u00eds por los delitos de\u00a0asociaci\u00f3n delictuosa\u00a0y\u00a0operaciones con recursos de procedencia il\u00edcita.<br \/>\nSe inform\u00f3 que el exdirector cuenta con una\u00a0orden de aprehensi\u00f3n vigente y ejecutable, y que actualmente se espera la\u00a0finalizaci\u00f3n de los tr\u00e1mites legales\u00a0para su entrega a las autoridades mexicanas.<br \/>\nEl caso Odebrecht y la vinculaci\u00f3n de Pemex<br \/>\nEl\u00a0caso Odebrecht\u00a0ha sacudido a varios pa\u00edses de Am\u00e9rica Latina por\u00a0sobornos y corrupci\u00f3n en proyectos de infraestructura. En M\u00e9xico, varias figuras pol\u00edticas y empresariales han sido investigadas por presunto involucramiento en contratos y pagos il\u00edcitos.<br \/>\nDurante su gesti\u00f3n en Pemex, Trevi\u00f1o Medina estuvo a cargo de proyectos estrat\u00e9gicos y compras relevantes, lo que lo situ\u00f3 bajo el escrutinio de las investigaciones por posibles irregularidades. La FGR considera que su arresto y posterior juicio son\u00a0esenciales para esclarecer responsabilidades y fortalecer la rendici\u00f3n de cuentas\u00a0en empresas estatales.<br \/>\nReacciones y contexto internacional<br \/>\nEl arresto ha generado\u00a0reacciones mixtas\u00a0en medios y redes sociales, con an\u00e1lisis sobre la cooperaci\u00f3n legal entre M\u00e9xico y Estados Unidos en casos de corrupci\u00f3n internacional. Expertos legales destacan que la\u00a0deportaci\u00f3n permitir\u00e1 a las autoridades mexicanas ejercer justicia de manera directa, mientras que ciudadanos y activistas esperan que el caso se resuelva\u00a0sin impunidad.<br \/>\nEl proceso tambi\u00e9n pone en evidencia la\u00a0importancia de los tratados de extradici\u00f3n\u00a0y cooperaci\u00f3n judicial entre pa\u00edses para combatir delitos de alta complejidad y alcance transnacional.<br \/>\nImplicaciones para la pol\u00edtica y la administraci\u00f3n p\u00fablica<br \/>\nLa detenci\u00f3n de Trevi\u00f1o Medina\u00a0refuerza la presi\u00f3n sobre exfuncionarios\u00a0y env\u00eda un mensaje a servidores p\u00fablicos sobre la\u00a0responsabilidad legal en la gesti\u00f3n de empresas estatales. Adem\u00e1s, contribuye a la transparencia y a la lucha contra la corrupci\u00f3n dentro de\u00a0Pemex y otras entidades gubernamentales.<\/p>\n","protected":false},"excerpt":{"rendered":"<p>Arresto de Carlos Alberto Trevi\u00f1o Medina en Estados Unidos El\u00a014 de agosto, se confirm\u00f3 que\u00a0Carlos Alberto Trevi\u00f1o Medina, exdirector de Pemex (2017-2018), fue detenido en\u00a0Dallas, Texas, luego de ser vinculado con el\u00a0caso Odebrecht, uno de los esc\u00e1ndalos de corrupci\u00f3n m\u00e1s grandes en Am\u00e9rica Latina. Agentes de la\u00a0Oficina de Detenciones y Deportaciones\u00a0(CBP) ejecutaron la detenci\u00f3n el\u00a012 [&hellip;]<\/p>\n","protected":false},"author":8,"featured_media":57421,"comment_status":"closed","ping_status":"closed","sticky":false,"template":"","format":"standard","meta":{"footnotes":""},"categories":[55],"tags":[],"class_list":["post-57420","post","type-post","status-publish","format-standard","has-post-thumbnail","hentry","category-nacional"],"jetpack-related-posts":[],"_links":{"self":[{"href":"https:\/\/circulorojoslp.com\/index.php?rest_route=\/wp\/v2\/posts\/57420"}],"collection":[{"href":"https:\/\/circulorojoslp.com\/index.php?rest_route=\/wp\/v2\/posts"}],"about":[{"href":"https:\/\/circulorojoslp.com\/index.php?rest_route=\/wp\/v2\/types\/post"}],"author":[{"embeddable":true,"href":"https:\/\/circulorojoslp.com\/index.php?rest_route=\/wp\/v2\/users\/8"}],"replies":[{"embeddable":true,"href":"https:\/\/circulorojoslp.com\/index.php?rest_route=%2Fwp%2Fv2%2Fcomments&post=57420"}],"version-history":[{"count":0,"href":"https:\/\/circulorojoslp.com\/index.php?rest_route=\/wp\/v2\/posts\/57420\/revisions"}],"wp:featuredmedia":[{"embeddable":true,"href":"https:\/\/circulorojoslp.com\/index.php?rest_route=\/wp\/v2\/media\/57421"}],"wp:attachment":[{"href":"https:\/\/circulorojoslp.com\/index.php?rest_route=%2Fwp%2Fv2%2Fmedia&parent=57420"}],"wp:term":[{"taxonomy":"category","embeddable":true,"href":"https:\/\/circulorojoslp.com\/index.php?rest_route=%2Fwp%2Fv2%2Fcategories&post=57420"},{"taxonomy":"post_tag","embeddable":true,"href":"https:\/\/circulorojoslp.com\/index.php?rest_route=%2Fwp%2Fv2%2Ftags&post=57420"}],"curies":[{"name":"wp","href":"https:\/\/api.w.org\/{rel}","templated":true}]}}