{"id":57374,"date":"2025-08-07T14:01:58","date_gmt":"2025-08-07T20:01:58","guid":{"rendered":"https:\/\/circulorojoslp.com\/?p=57374"},"modified":"2025-08-07T14:01:58","modified_gmt":"2025-08-07T20:01:58","slug":"sheinbaum-niega-ruptura-con-monreal-y-adan-augusto-anuncia-reunion-para-definir-agenda-legislativa","status":"publish","type":"post","link":"https:\/\/circulorojoslp.com\/?p=57374","title":{"rendered":"Sheinbaum niega ruptura con Monreal y Ad\u00e1n Augusto; anuncia reuni\u00f3n para definir agenda legislativa"},"content":{"rendered":"<p>Claudia Sheinbaum desmiente distanciamiento con Ricardo Monreal y Ad\u00e1n Augusto. Anuncia reuni\u00f3n para coordinar prioridades legislativas rumbo a septiembre, incluyendo reforma judicial y paquete econ\u00f3mico.<\/p>\n<p>La presidenta Claudia Sheinbaum Pardo neg\u00f3 este jueves que exista alg\u00fan distanciamiento con los coordinadores parlamentarios de Morena, Ricardo Monreal y Ad\u00e1n Augusto L\u00f3pez Hern\u00e1ndez. Asegur\u00f3 que se reunir\u00e1 con ambos en los pr\u00f3ximos d\u00edas para definir el trabajo legislativo de cara al pr\u00f3ximo periodo ordinario de sesiones del Congreso, que inicia en septiembre.<br \/>\n\u201cS\u00ed, en estas dos semanas no nos hemos reunido y ya nos vamos a reunir pronto para poder trabajar el plan para septiembre\u201d, declar\u00f3 durante su conferencia matutina desde Palacio Nacional. Explic\u00f3 que esas reuniones son habituales para acordar las iniciativas que enviar\u00e1 el Ejecutivo a las c\u00e1maras.<br \/>\nReforma judicial y paquete econ\u00f3mico, entre las prioridades<br \/>\nSheinbaum detall\u00f3 que entre las prioridades legislativas de su gobierno est\u00e1n cuatro leyes vinculadas con la reforma al Poder Judicial. Estas iniciativas no solo buscan que ministros, magistrados y jueces sean electos por el pueblo, sino tambi\u00e9n agilizar los procesos judiciales.<br \/>\nAdem\u00e1s, destac\u00f3 la importancia de concretar el paquete econ\u00f3mico que debe presentarse el 8 de septiembre, as\u00ed como una nueva Ley de Aduanas que fortalecer\u00e1 la administraci\u00f3n de los ingresos p\u00fablicos.<br \/>\nUnidad en Morena pese a se\u00f1alamientos<br \/>\nLa presidenta descart\u00f3 que la falta de encuentros con Monreal y Ad\u00e1n Augusto est\u00e9 relacionada con los recientes esc\u00e1ndalos en los que ambos legisladores se han visto envueltos. \u201cVamos muy bien\u201d, afirm\u00f3, insistiendo en que hay unidad dentro del movimiento de la Cuarta Transformaci\u00f3n.<br \/>\n\u201cLos adversarios, muy hip\u00f3critas por cierto, se dedican a criticar a la Cuarta Transformaci\u00f3n. Es su tarea, pero hay mucha unidad en el movimiento\u201d, subray\u00f3.<br \/>\nLlamado a legisladores: mantenerse cerca del pueblo<br \/>\nSheinbaum hizo un llamado a los legisladores de Morena y partidos aliados a mantenerse en contacto directo con la ciudadan\u00eda. Los exhort\u00f3 a seguir informando sobre las leyes aprobadas y las acciones impulsadas desde el Congreso, como parte del fortalecimiento del proyecto de transformaci\u00f3n nacional.<br \/>\n\u201cLa Cuarta Transformaci\u00f3n est\u00e1 fuerte\u201d, recalc\u00f3, al tiempo que insisti\u00f3 en que el v\u00ednculo con el pueblo es clave para consolidar los cambios estructurales promovidos por su administraci\u00f3n.<\/p>\n","protected":false},"excerpt":{"rendered":"<p>Claudia Sheinbaum desmiente distanciamiento con Ricardo Monreal y Ad\u00e1n Augusto. Anuncia reuni\u00f3n para coordinar prioridades legislativas rumbo a septiembre, incluyendo reforma judicial y paquete econ\u00f3mico. La presidenta Claudia Sheinbaum Pardo neg\u00f3 este jueves que exista alg\u00fan distanciamiento con los coordinadores parlamentarios de Morena, Ricardo Monreal y Ad\u00e1n Augusto L\u00f3pez Hern\u00e1ndez. Asegur\u00f3 que se reunir\u00e1 con [&hellip;]<\/p>\n","protected":false},"author":8,"featured_media":57375,"comment_status":"closed","ping_status":"closed","sticky":false,"template":"","format":"standard","meta":{"footnotes":""},"categories":[55],"tags":[],"class_list":["post-57374","post","type-post","status-publish","format-standard","has-post-thumbnail","hentry","category-nacional"],"jetpack-related-posts":[],"_links":{"self":[{"href":"https:\/\/circulorojoslp.com\/index.php?rest_route=\/wp\/v2\/posts\/57374"}],"collection":[{"href":"https:\/\/circulorojoslp.com\/index.php?rest_route=\/wp\/v2\/posts"}],"about":[{"href":"https:\/\/circulorojoslp.com\/index.php?rest_route=\/wp\/v2\/types\/post"}],"author":[{"embeddable":true,"href":"https:\/\/circulorojoslp.com\/index.php?rest_route=\/wp\/v2\/users\/8"}],"replies":[{"embeddable":true,"href":"https:\/\/circulorojoslp.com\/index.php?rest_route=%2Fwp%2Fv2%2Fcomments&post=57374"}],"version-history":[{"count":0,"href":"https:\/\/circulorojoslp.com\/index.php?rest_route=\/wp\/v2\/posts\/57374\/revisions"}],"wp:featuredmedia":[{"embeddable":true,"href":"https:\/\/circulorojoslp.com\/index.php?rest_route=\/wp\/v2\/media\/57375"}],"wp:attachment":[{"href":"https:\/\/circulorojoslp.com\/index.php?rest_route=%2Fwp%2Fv2%2Fmedia&parent=57374"}],"wp:term":[{"taxonomy":"category","embeddable":true,"href":"https:\/\/circulorojoslp.com\/index.php?rest_route=%2Fwp%2Fv2%2Fcategories&post=57374"},{"taxonomy":"post_tag","embeddable":true,"href":"https:\/\/circulorojoslp.com\/index.php?rest_route=%2Fwp%2Fv2%2Ftags&post=57374"}],"curies":[{"name":"wp","href":"https:\/\/api.w.org\/{rel}","templated":true}]}}