{"id":57334,"date":"2025-08-06T22:46:01","date_gmt":"2025-08-07T04:46:01","guid":{"rendered":"https:\/\/circulorojoslp.com\/?p=57334"},"modified":"2025-08-06T22:46:01","modified_gmt":"2025-08-07T04:46:01","slug":"villa-de-pozos-fortalece-espacios-verdes","status":"publish","type":"post","link":"https:\/\/circulorojoslp.com\/?p=57334","title":{"rendered":"VILLA DE POZOS FORTALECE ESPACIOS VERDES"},"content":{"rendered":"<p>\u2013 El Gobierno Municipal reforest\u00f3 el Centro Comunitario Mi Casita con apoyo del Parque Tangamanga I y II.<br \/>\nCon el objetivo de mejorar el entorno natural y fomentar la participaci\u00f3n de la ciudadan\u00eda, el Gobierno Municipal de Villa de Pozos, a trav\u00e9s de la Direcci\u00f3n de Participaci\u00f3n Ciudadana, llev\u00f3 a cabo una jornada de plantaci\u00f3n de \u00e1rboles en el Centro Comunitario \u201cMi Casita\u201d.<br \/>\nEl director de Participaci\u00f3n Ciudadana, Juan Mar\u00edn Nava, inform\u00f3 que los \u00e1rboles plantados fueron donados por el Parque Tangamanga I y II, lo que representa una importante contribuci\u00f3n a la salud del ecosistema del centro comunitario.<br \/>\nDurante la actividad, se cont\u00f3 con la colaboraci\u00f3n de usuarios y usuarias del centro, as\u00ed como madres y padres de familia, quienes se sumaron con entusiasmo a las labores de reforestaci\u00f3n y se destac\u00f3 que esta acci\u00f3n reflej\u00f3 el compromiso de la poblaci\u00f3n por construir un espacio m\u00e1s verde y saludable para todas y todos.<br \/>\nAsimismo, particip\u00f3 personal de la Direcci\u00f3n de Servicios Municipales y la regidora concejal Nadia Ochoa, quienes se unieron a la jornada de plantaci\u00f3n y aseguraron que el trabajo conjunto entre gobierno y ciudadan\u00eda es a favor del bienestar ambiental y social de Villa de Pozos.<\/p>\n","protected":false},"excerpt":{"rendered":"<p>\u2013 El Gobierno Municipal reforest\u00f3 el Centro Comunitario Mi Casita con apoyo del Parque Tangamanga I y II. Con el objetivo de mejorar el entorno natural y fomentar la participaci\u00f3n de la ciudadan\u00eda, el Gobierno Municipal de Villa de Pozos, a trav\u00e9s de la Direcci\u00f3n de Participaci\u00f3n Ciudadana, llev\u00f3 a cabo una jornada de plantaci\u00f3n [&hellip;]<\/p>\n","protected":false},"author":8,"featured_media":57335,"comment_status":"closed","ping_status":"closed","sticky":false,"template":"","format":"standard","meta":{"footnotes":""},"categories":[59],"tags":[],"class_list":["post-57334","post","type-post","status-publish","format-standard","has-post-thumbnail","hentry","category-villadepozos"],"jetpack-related-posts":[],"_links":{"self":[{"href":"https:\/\/circulorojoslp.com\/index.php?rest_route=\/wp\/v2\/posts\/57334"}],"collection":[{"href":"https:\/\/circulorojoslp.com\/index.php?rest_route=\/wp\/v2\/posts"}],"about":[{"href":"https:\/\/circulorojoslp.com\/index.php?rest_route=\/wp\/v2\/types\/post"}],"author":[{"embeddable":true,"href":"https:\/\/circulorojoslp.com\/index.php?rest_route=\/wp\/v2\/users\/8"}],"replies":[{"embeddable":true,"href":"https:\/\/circulorojoslp.com\/index.php?rest_route=%2Fwp%2Fv2%2Fcomments&post=57334"}],"version-history":[{"count":0,"href":"https:\/\/circulorojoslp.com\/index.php?rest_route=\/wp\/v2\/posts\/57334\/revisions"}],"wp:featuredmedia":[{"embeddable":true,"href":"https:\/\/circulorojoslp.com\/index.php?rest_route=\/wp\/v2\/media\/57335"}],"wp:attachment":[{"href":"https:\/\/circulorojoslp.com\/index.php?rest_route=%2Fwp%2Fv2%2Fmedia&parent=57334"}],"wp:term":[{"taxonomy":"category","embeddable":true,"href":"https:\/\/circulorojoslp.com\/index.php?rest_route=%2Fwp%2Fv2%2Fcategories&post=57334"},{"taxonomy":"post_tag","embeddable":true,"href":"https:\/\/circulorojoslp.com\/index.php?rest_route=%2Fwp%2Fv2%2Ftags&post=57334"}],"curies":[{"name":"wp","href":"https:\/\/api.w.org\/{rel}","templated":true}]}}