{"id":57290,"date":"2025-08-04T14:52:16","date_gmt":"2025-08-04T20:52:16","guid":{"rendered":"https:\/\/circulorojoslp.com\/?p=57290"},"modified":"2025-08-04T14:52:16","modified_gmt":"2025-08-04T20:52:16","slug":"sheinbaum-defiende-nombramiento-de-pablo-gomez-oposicion-queria-a-responsable-del-fraude-de-2006%e2%80%b2","status":"publish","type":"post","link":"https:\/\/circulorojoslp.com\/?p=57290","title":{"rendered":"Sheinbaum defiende nombramiento de Pablo G\u00f3mez: \u2018Oposici\u00f3n quer\u00eda a responsable del fraude de 2006\u2032"},"content":{"rendered":"<p>Sheinbaum critic\u00f3 las elecciones de 2006 y acus\u00f3 que hubo fraude electoral.<\/p>\n<p>Pablo G\u00f3mez\u00a0conoce muy bien la historia de las\u00a0reformas electorales, dijo la presidenta Claudia Sheinbaum al respecto del funcionario que nombr\u00f3 para ser el encargado de la comisi\u00f3n presidencial que dise\u00f1ar\u00e1 la reforma electoral.<br \/>\nDurante la conferencia matutina de este lunes, la presidenta fue cuestionada sobre la idoneidad de Pablo G\u00f3mez en este cargo, pues ha recibido cr\u00edticas.<br \/>\nAl respecto, Sheinbaum se\u00f1al\u00f3 que la oposici\u00f3n habr\u00eda deseado que se nombrara a una persona que ha hecho fraude electoral frente a la comisi\u00f3n.<br \/>\n\u201cS\u00ed, hay algunos que no les gusta. Ellos hubieran querido que nombr\u00e1ramos a lo mejor a\u2026 \u00bfc\u00f3mo se llama el del fraude electoral del 2006? Ugalde. Que anda ah\u00ed escribiendo y es muy reconocido por algunos sectores. El culpable, el responsable del fraude electoral del 2006, o alg\u00fan panista o alg\u00fan priista\u201d, coment\u00f3 la mandataria.<br \/>\nDespu\u00e9s, se\u00f1al\u00f3 que Pablo G\u00f3mez es \u201cuna persona de primera\u201d y destac\u00f3 que ha sido electoral varias veces.<br \/>\nSheinbaum hizo referencia a Carlos Ugalde, quien fue consejero presidente del Instituto Federal Electoral (IFE, ahora INE) durante las elecciones presidenciales de 2006 donde participaron Felipe Calder\u00f3n y Andr\u00e9s Manuel L\u00f3pez Obrador; AMLO ha acusado que hubo fraude.<\/p>\n<p>Pablo G\u00f3mez se desempe\u00f1aba como titular de la Unidad de Inteligencia Financiera (UIF)\u00a0de la Secretar\u00eda de Hacienda; no obstante, el Gobierno de M\u00e9xico anunci\u00f3 la Comisi\u00f3n Presidencial para la Reforma Electoral, la cual ser\u00e1 encabezada por G\u00f3mez.<br \/>\n\u00bfQu\u00e9 es la reforma electoral propuesta por Sheinbaum?<br \/>\nLa presidenta Claudia Sheinbaum anunci\u00f3 un proyecto de reforma electoral, la cual seguir\u00eda en la l\u00ednea de la previa propuesta del expresidente Andr\u00e9s Manuel L\u00f3pez Obrador.<br \/>\nLuego de las elecciones del Poder Judicial este a\u00f1o, la mandataria se\u00f1al\u00f3 las \u201cactitudes de golpeteo\u201d por parte de consejeros del INE. Tambi\u00e9n\u00a0consider\u00f3 que el INE se extralimit\u00f3\u00a0por declaraciones sobre que hubo votos que no debieron contarse en el resultado final de la\u00a0elecci\u00f3n judicial.<br \/>\nY a ra\u00edz de ello reaviv\u00f3 la idea de una reforma electoral.<br \/>\nLa\u00a0reforma electoral de Claudia Sheinbaum\u00a0forma parte de los 100 compromisos de gobierno.<br \/>\nAlgunos de los puntos importantes son bajar el financiamiento de partidos pol\u00edticos, cambiar el esquema de las listas plurinominales, reducci\u00f3n en los recursos asignados al INE, entre otros.<br \/>\nPor ahora, el gobierno de M\u00e9xico anunci\u00f3 la\u00a0creaci\u00f3n de la Comisi\u00f3n Presidencial para la Reforma Electoral. Se espera que esta comisi\u00f3n haga un diagn\u00f3stico profundo del sistema de partidos y del modelo electoral, a fin de \u201cconfeccionar una reforma legislativa que est\u00e9 acorde con los tiempos actuales de M\u00e9xico\u201d.<br \/>\nEste lunes,\u00a0Sheinbaum anunci\u00f3 que propondr\u00e1 una encuesta relacionada con la reforma electoral, para conocer la opini\u00f3n ciudadana.<\/p>\n<p>\u201cVamos a hacer una encuesta para saber qu\u00e9 opina el pueblo. A la gente no le gusta que haya tantos plurinominales ni que se les den recursos a los partidos pol\u00edticos\u201d, destac\u00f3.<\/p>\n","protected":false},"excerpt":{"rendered":"<p>Sheinbaum critic\u00f3 las elecciones de 2006 y acus\u00f3 que hubo fraude electoral. Pablo G\u00f3mez\u00a0conoce muy bien la historia de las\u00a0reformas electorales, dijo la presidenta Claudia Sheinbaum al respecto del funcionario que nombr\u00f3 para ser el encargado de la comisi\u00f3n presidencial que dise\u00f1ar\u00e1 la reforma electoral. Durante la conferencia matutina de este lunes, la presidenta fue [&hellip;]<\/p>\n","protected":false},"author":8,"featured_media":57291,"comment_status":"closed","ping_status":"closed","sticky":false,"template":"","format":"standard","meta":{"footnotes":""},"categories":[55],"tags":[],"class_list":["post-57290","post","type-post","status-publish","format-standard","has-post-thumbnail","hentry","category-nacional"],"jetpack-related-posts":[],"_links":{"self":[{"href":"https:\/\/circulorojoslp.com\/index.php?rest_route=\/wp\/v2\/posts\/57290"}],"collection":[{"href":"https:\/\/circulorojoslp.com\/index.php?rest_route=\/wp\/v2\/posts"}],"about":[{"href":"https:\/\/circulorojoslp.com\/index.php?rest_route=\/wp\/v2\/types\/post"}],"author":[{"embeddable":true,"href":"https:\/\/circulorojoslp.com\/index.php?rest_route=\/wp\/v2\/users\/8"}],"replies":[{"embeddable":true,"href":"https:\/\/circulorojoslp.com\/index.php?rest_route=%2Fwp%2Fv2%2Fcomments&post=57290"}],"version-history":[{"count":0,"href":"https:\/\/circulorojoslp.com\/index.php?rest_route=\/wp\/v2\/posts\/57290\/revisions"}],"wp:featuredmedia":[{"embeddable":true,"href":"https:\/\/circulorojoslp.com\/index.php?rest_route=\/wp\/v2\/media\/57291"}],"wp:attachment":[{"href":"https:\/\/circulorojoslp.com\/index.php?rest_route=%2Fwp%2Fv2%2Fmedia&parent=57290"}],"wp:term":[{"taxonomy":"category","embeddable":true,"href":"https:\/\/circulorojoslp.com\/index.php?rest_route=%2Fwp%2Fv2%2Fcategories&post=57290"},{"taxonomy":"post_tag","embeddable":true,"href":"https:\/\/circulorojoslp.com\/index.php?rest_route=%2Fwp%2Fv2%2Ftags&post=57290"}],"curies":[{"name":"wp","href":"https:\/\/api.w.org\/{rel}","templated":true}]}}