{"id":57264,"date":"2025-08-02T21:43:38","date_gmt":"2025-08-03T03:43:38","guid":{"rendered":"https:\/\/circulorojoslp.com\/?p=57264"},"modified":"2025-08-02T21:43:38","modified_gmt":"2025-08-03T03:43:38","slug":"villa-de-pozos-reconocio-talento-del-taller-de-tejido","status":"publish","type":"post","link":"https:\/\/circulorojoslp.com\/?p=57264","title":{"rendered":"VILLA DE POZOS RECONOCI\u00d3 TALENTO DEL TALLER DE TEJIDO"},"content":{"rendered":"<p>\u2013 A trav\u00e9s de la direcci\u00f3n de Cultura, las participantes del taller de tejido, recibieron reconocimientos por su trabajo.<br \/>\nEl Gobierno Municipal de Villa de Pozos, a trav\u00e9s de la Direcci\u00f3n de Cultura, llev\u00f3 a cabo la inauguraci\u00f3n de la exposici\u00f3n de trabajos del taller de tejido, donde las participantes presentaron piezas \u00fanicas elaboradas con t\u00e9cnicas de mezclilla y crochet, como parte del impulso a actividades culturales y formativas en la localidad.<br \/>\nEl taller, impartido por la maestra Mar\u00eda de Jes\u00fas Garc\u00eda, se realiza todos los martes y jueves de 11:00 a 13:00 horas en la Biblioteca Municipal \u201cDr. Francisco de As\u00eds Castro\u201d, en donde, adem\u00e1s de tejido, en este espacio se desarrollan otros cursos como fofuchas y amigurumis, que promueven la creatividad, el aprendizaje y el fortalece las habilidades productivas entre las asistentes.<br \/>\nLa Presidenta Concejal, Teresa Rivera Acevedo, felicit\u00f3 a las mujeres participantes por su dedicaci\u00f3n y empe\u00f1o al crear cada pieza expuesta y destac\u00f3 la importancia de este tipo de talleres como herramientas \u00fatiles para el desarrollo econ\u00f3mico y social de las familias poce\u00f1as.<br \/>\nPor su parte, la alumna Alma Rosa Gait\u00e1n, agradeci\u00f3 al Gobierno Municipal por brindar estos espacios de crecimiento personal y profesional y se\u00f1al\u00f3 que cada una de las piezas fue elaborada por ellas mismas y al finalizar el evento, todas las participantes recibieron un reconocimiento por su destacada participaci\u00f3n en el taller.<\/p>\n","protected":false},"excerpt":{"rendered":"<p>\u2013 A trav\u00e9s de la direcci\u00f3n de Cultura, las participantes del taller de tejido, recibieron reconocimientos por su trabajo. El Gobierno Municipal de Villa de Pozos, a trav\u00e9s de la Direcci\u00f3n de Cultura, llev\u00f3 a cabo la inauguraci\u00f3n de la exposici\u00f3n de trabajos del taller de tejido, donde las participantes presentaron piezas \u00fanicas elaboradas con [&hellip;]<\/p>\n","protected":false},"author":8,"featured_media":57265,"comment_status":"closed","ping_status":"closed","sticky":false,"template":"","format":"standard","meta":{"footnotes":""},"categories":[59],"tags":[],"class_list":["post-57264","post","type-post","status-publish","format-standard","has-post-thumbnail","hentry","category-villadepozos"],"jetpack-related-posts":[],"_links":{"self":[{"href":"https:\/\/circulorojoslp.com\/index.php?rest_route=\/wp\/v2\/posts\/57264"}],"collection":[{"href":"https:\/\/circulorojoslp.com\/index.php?rest_route=\/wp\/v2\/posts"}],"about":[{"href":"https:\/\/circulorojoslp.com\/index.php?rest_route=\/wp\/v2\/types\/post"}],"author":[{"embeddable":true,"href":"https:\/\/circulorojoslp.com\/index.php?rest_route=\/wp\/v2\/users\/8"}],"replies":[{"embeddable":true,"href":"https:\/\/circulorojoslp.com\/index.php?rest_route=%2Fwp%2Fv2%2Fcomments&post=57264"}],"version-history":[{"count":0,"href":"https:\/\/circulorojoslp.com\/index.php?rest_route=\/wp\/v2\/posts\/57264\/revisions"}],"wp:featuredmedia":[{"embeddable":true,"href":"https:\/\/circulorojoslp.com\/index.php?rest_route=\/wp\/v2\/media\/57265"}],"wp:attachment":[{"href":"https:\/\/circulorojoslp.com\/index.php?rest_route=%2Fwp%2Fv2%2Fmedia&parent=57264"}],"wp:term":[{"taxonomy":"category","embeddable":true,"href":"https:\/\/circulorojoslp.com\/index.php?rest_route=%2Fwp%2Fv2%2Fcategories&post=57264"},{"taxonomy":"post_tag","embeddable":true,"href":"https:\/\/circulorojoslp.com\/index.php?rest_route=%2Fwp%2Fv2%2Ftags&post=57264"}],"curies":[{"name":"wp","href":"https:\/\/api.w.org\/{rel}","templated":true}]}}