{"id":57248,"date":"2025-08-01T15:54:35","date_gmt":"2025-08-01T21:54:35","guid":{"rendered":"https:\/\/circulorojoslp.com\/?p=57248"},"modified":"2025-08-01T15:54:35","modified_gmt":"2025-08-01T21:54:35","slug":"alejandro-moreno-acusa-persecucion-de-morena-tras-nuevo-intento-de-desafuero","status":"publish","type":"post","link":"https:\/\/circulorojoslp.com\/?p=57248","title":{"rendered":"Alejandro Moreno acusa persecuci\u00f3n de Morena tras nuevo intento de desafuero"},"content":{"rendered":"<p>En un contexto de creciente tensi\u00f3n pol\u00edtica, Alejandro \u201cAlito\u201d Moreno C\u00e1rdenas, dirigente nacional del PRI, volvi\u00f3 al centro del debate nacional al denunciar p\u00fablicamente un nuevo intento por retirarle el fuero constitucional. La acci\u00f3n, promovida desde el Congreso, representa \u2014seg\u00fan sus palabras\u2014 un intento de censura y persecuci\u00f3n pol\u00edtica brutal por parte del gobierno encabezado por Morena.<br \/>\n\u201cMe quieren callar\u201d: Alito responde desde el Senado<br \/>\nFlanqueado por legisladores priistas en la Comisi\u00f3n Permanente del Congreso, Moreno se present\u00f3 ante los medios con un mensaje contundente.<br \/>\n\u201cMe quieren callar, me quieren doblar. Ya lo intent\u00f3 el narco presidente L\u00f3pez Obrador y no pudo. No me van a quebrar, valor es lo que me sobra\u201d, afirm\u00f3.<br \/>\nDesde la sede del Senado, Moreno acus\u00f3 al partido oficialista de usar las instituciones judiciales como herramientas de intimidaci\u00f3n, afirmando que el verdadero objetivo es silenciar su oposici\u00f3n y castigar su postura cr\u00edtica frente al r\u00e9gimen.<br \/>\nAcusaciones penales contra AMLO y altos perfiles de Morena<br \/>\nLa reacci\u00f3n de Moreno se da tan solo unos d\u00edas despu\u00e9s de que presentara denuncias penales ante la FGR contra una lista de prominentes figuras de la Cuarta Transformaci\u00f3n, incluyendo al expresidente Andr\u00e9s Manuel L\u00f3pez Obrador, a quien relaciona con presuntos v\u00ednculos con el crimen organizado.<br \/>\nEntre los mencionados tambi\u00e9n destacan:<\/p>\n<p>Am\u00e9rico Villarreal, gobernador de Tamaulipas<br \/>\nAlfonso Durazo, gobernador de Sonora<br \/>\nRub\u00e9n Rocha Moya, gobernador de Sinaloa<br \/>\nRutilio Escand\u00f3n, gobernador de Chiapas<br \/>\nAd\u00e1n Augusto L\u00f3pez, senador y exsecretario de Gobernaci\u00f3n<br \/>\nLayda Sansores, gobernadora de Campeche<br \/>\nMario Delgado Carrillo, secretario de Educaci\u00f3n<br \/>\nMarina del Pilar \u00c1vila, gobernadora de Baja California<br \/>\nManuel Bartlett, titular de la CFE<br \/>\nAndr\u00e9s Manuel L\u00f3pez Beltr\u00e1n, hijo del expresidente y actual secretario de Organizaci\u00f3n de Morena<\/p>\n<p>Seg\u00fan Moreno, algunos de estos personajes formar\u00edan parte de una supuesta red de corrupci\u00f3n y \u201cnarcoestado institucional\u201d que, asegura, opera impunemente bajo la protecci\u00f3n del poder.<br \/>\nExige la renuncia de Ad\u00e1n Augusto<br \/>\nUno de los se\u00f1alamientos m\u00e1s duros estuvo dirigido a Ad\u00e1n Augusto L\u00f3pez, a quien exigi\u00f3 su renuncia inmediata como senador y como coordinador en el Senado, argumentando que su cercan\u00eda con Hern\u00e1n Berm\u00fadez Requena, exsecretario de Seguridad de Tabasco, hoy pr\u00f3fugo de la justicia, lo convierte en una figura pol\u00edticamente insostenible.<br \/>\nMoreno asegur\u00f3 que no se detendr\u00e1 y que seguir\u00e1 utilizando los cauces institucionales para denunciar lo que califica como un \u201cr\u00e9gimen autoritario y corrupto\u201d.<br \/>\n\u201cEste narcopartido est\u00e1 asesinando a M\u00e9xico. Y mi voz no se va a apagar, ni aqu\u00ed ni en ninguna parte del mundo\u201d, concluy\u00f3.<br \/>\nContexto pol\u00edtico: el desafuero como herramienta de presi\u00f3n<br \/>\nEl desafuero de Alejandro Moreno no es un episodio aislado. En el actual escenario pol\u00edtico, los intentos por retirar el fuero a opositores se han convertido en un recurso recurrente, lo que ha levantado preocupaciones entre organizaciones de derechos humanos y observadores internacionales sobre el uso faccioso del aparato judicial.<br \/>\nMoreno sostiene que esta es la tercera ofensiva legal en su contra en menos de dos a\u00f1os, justo despu\u00e9s de votaciones clave en el Congreso donde el PRI vot\u00f3 en bloque contra reformas impulsadas por Morena, como la militarizaci\u00f3n de la seguridad p\u00fablica y la reforma electoral.<br \/>\n\u00bfGolpe de efecto o estrategia de victimizaci\u00f3n?<br \/>\nAnalistas pol\u00edticos ven en la postura de \u201cAlito\u201d una jugada estrat\u00e9gica para reposicionarse como figura opositora rumbo a los procesos electorales de 2027 y 2030. Para otros, sus denuncias contra AMLO y figuras clave de la 4T podr\u00edan ser parte de una narrativa de victimizaci\u00f3n pol\u00edtica en un contexto donde su liderazgo dentro del PRI ha sido duramente cuestionado por sectores internos.<br \/>\nAun as\u00ed, el cruce de acusaciones intensifica la polarizaci\u00f3n y pone sobre la mesa un debate urgente sobre la politizaci\u00f3n de la justicia en M\u00e9xico.<br \/>\nReacciones en redes y respuesta de Morena<br \/>\nMientras tanto, Morena ha rechazado las acusaciones de persecuci\u00f3n, asegurando que los procesos judiciales en curso responden a investigaciones independientes y que nadie est\u00e1 por encima de la ley. Sin embargo, la guerra medi\u00e1tica no se detiene: redes sociales, medios digitales y l\u00edderes de opini\u00f3n ya han tomado postura en uno u otro bando, intensificando el fuego cruzado.<\/p>\n","protected":false},"excerpt":{"rendered":"<p>En un contexto de creciente tensi\u00f3n pol\u00edtica, Alejandro \u201cAlito\u201d Moreno C\u00e1rdenas, dirigente nacional del PRI, volvi\u00f3 al centro del debate nacional al denunciar p\u00fablicamente un nuevo intento por retirarle el fuero constitucional. La acci\u00f3n, promovida desde el Congreso, representa \u2014seg\u00fan sus palabras\u2014 un intento de censura y persecuci\u00f3n pol\u00edtica brutal por parte del gobierno encabezado [&hellip;]<\/p>\n","protected":false},"author":8,"featured_media":57249,"comment_status":"closed","ping_status":"closed","sticky":false,"template":"","format":"standard","meta":{"footnotes":""},"categories":[55],"tags":[],"class_list":["post-57248","post","type-post","status-publish","format-standard","has-post-thumbnail","hentry","category-nacional"],"jetpack-related-posts":[],"_links":{"self":[{"href":"https:\/\/circulorojoslp.com\/index.php?rest_route=\/wp\/v2\/posts\/57248"}],"collection":[{"href":"https:\/\/circulorojoslp.com\/index.php?rest_route=\/wp\/v2\/posts"}],"about":[{"href":"https:\/\/circulorojoslp.com\/index.php?rest_route=\/wp\/v2\/types\/post"}],"author":[{"embeddable":true,"href":"https:\/\/circulorojoslp.com\/index.php?rest_route=\/wp\/v2\/users\/8"}],"replies":[{"embeddable":true,"href":"https:\/\/circulorojoslp.com\/index.php?rest_route=%2Fwp%2Fv2%2Fcomments&post=57248"}],"version-history":[{"count":0,"href":"https:\/\/circulorojoslp.com\/index.php?rest_route=\/wp\/v2\/posts\/57248\/revisions"}],"wp:featuredmedia":[{"embeddable":true,"href":"https:\/\/circulorojoslp.com\/index.php?rest_route=\/wp\/v2\/media\/57249"}],"wp:attachment":[{"href":"https:\/\/circulorojoslp.com\/index.php?rest_route=%2Fwp%2Fv2%2Fmedia&parent=57248"}],"wp:term":[{"taxonomy":"category","embeddable":true,"href":"https:\/\/circulorojoslp.com\/index.php?rest_route=%2Fwp%2Fv2%2Fcategories&post=57248"},{"taxonomy":"post_tag","embeddable":true,"href":"https:\/\/circulorojoslp.com\/index.php?rest_route=%2Fwp%2Fv2%2Ftags&post=57248"}],"curies":[{"name":"wp","href":"https:\/\/api.w.org\/{rel}","templated":true}]}}