{"id":57244,"date":"2025-08-01T15:46:15","date_gmt":"2025-08-01T21:46:15","guid":{"rendered":"https:\/\/circulorojoslp.com\/?p=57244"},"modified":"2025-08-01T15:46:15","modified_gmt":"2025-08-01T21:46:15","slug":"sabia-que-la-verdad-se-iba-a-imponer-israel-vallarta-rompe-el-silencio-tras-recuperar-su-libertad-por-el-caso-de-los-zodiacos","status":"publish","type":"post","link":"https:\/\/circulorojoslp.com\/?p=57244","title":{"rendered":"\u201cSab\u00eda que la verdad se iba a imponer\u201d, Israel Vallarta rompe el silencio tras recuperar su libertad por el caso de \u201cLos Zodiacos\u201d"},"content":{"rendered":"<p>La ma\u00f1ana de este viernes 1 de agosto\u00a0Israel Vallarta\u00a0obtuvo su libertad luego de haber pasado 20 a\u00f1os en prisi\u00f3n preventiva por el medi\u00e1tico caso de\u00a0\u201cLos Zodiacos\u201d, en el cual, fue se\u00f1alado junto a la ciudadana francesa,\u00a0Florence Cassez,\u00a0de encabezar una c\u00e9lula criminal dedicada al secuestro y en sus primeras declaraciones se\u00f1al\u00f3 que siempre confi\u00f3 en que la verdad y la justicia se impondr\u00edan, adem\u00e1s, se\u00f1al\u00f3 que ser\u00e1 en los pr\u00f3ximos d\u00edas cuando difunda nueva informaci\u00f3n en torno a su medi\u00e1tico proceso legal, el cual, estuvo marcado por\u00a0montajes, torturas y cualquier tipo de irregularidades.<br \/>\n\u201cGracias por estos a\u00f1os de apoyo a todo el pueblo mexicano, gracias porque no creyeron en todas las verdades ocultas que hicieron creer aquellos gobiernos pasados y sin hacer politiquer\u00edas,\u00a0yo sab\u00eda que la verdad se iba a imponer tarde o temprano, tard\u00e9 20 a\u00f1os en que me permitieran hoy estar frente a ustedes, poder ejercer mi derecho de r\u00e9plica, aqu\u00ed me albergaron por mucho a\u00f1os, sabemos por qu\u00e9,\u00a0hay muchos poderes a los que no les interesaba que yo obtuviera mi libertad\u00a0porque hay muchas cosas que con el paso de los d\u00edas se van a enterar ustedes,\u00a0estoy todav\u00eda en shock, no cre\u00eda cuando llegaron a avisarme que se me daba la absolutoria total de todos y cada uno de los delitos que dec\u00edan que hab\u00eda cometido, yo si busco libertad, pero busco justicia, no nada m\u00e1s para m\u00ed, sino para todas aquellas v\u00edctimas, las que lo son, porque hay gente que se prest\u00f3 a mentir ante las autoridades judiciales\u201d, fueron las primeras palabras de Israel Vallarta tras recuperar su libertad.<br \/>\nAs\u00ed fue el momento exacto en el que Israel Vallarta abandon\u00f3 el Penal del Altiplano tras quedar absuelto. Foto: Cuartoscuro\u00a0<br \/>\nEn otro momento de sus declaraciones,\u00a0Israel Vallarta\u00a0se\u00f1al\u00f3 que durante su estancia en el penal del Altiplano tuvo oportunidad de encontrarse con\u00a0Luis C\u00e1rdenas Palomino, uno de los directivos de la extinta\u00a0Agencia Federal de Investigaciones (AFI),\u00a0que estuvo implicado en el caso de \u201cLos Zodiaco\u201d y quien habr\u00eda actuado bajo las \u00f3rdenes del entonces titular de dicha instituci\u00f3n,\u00a0Genaro Garc\u00eda Luna.<br \/>\n\u201cPor cierto, quiero adelantarles que\u00a0Luis C\u00e1rdenas Palomino ya no est\u00e1 en este penal,\u00a0el d\u00eda mi\u00e9rcoles por la ma\u00f1ana sali\u00f3 de aqu\u00ed, no sabemos a d\u00f3nde fue, unos dicen que fue al penal de Santa Martha, otros dicen que no, que fue a Ramos Arizpe, no sabemos, si tuve contacto con \u00e9l, pero como con cualquier persona, nunca lo ofend\u00ed, nunca lo amenac\u00e9, porque mi justicia no era ni golpearlo, ni matarlo, ni hacerle da\u00f1o a su familia, es una justicia correcta, que el viva exactamente con su verdad justificada detr\u00e1s de las rejas\u201d, manifest\u00f3 Israel Vallarta.<br \/>\nIsrael Vallarta adelant\u00f3 que todav\u00eda no determina si buscar\u00e1 obtener una reparaci\u00f3n de da\u00f1o por parte de las autoridades mexicanas. Foto: Cuartoscuro\u00a0<br \/>\nDurante \u201cLa Conferencia del Pueblo\u201d de este viernes 1 de agosto,\u00a0Claudia Sheinbaum\u00a0habl\u00f3 respecto a la absoluci\u00f3n de Israel Vallarta y se\u00f1al\u00f3 que, en caso de que lo desee, podr\u00e1 interponer una denuncia en contra de las autoridades mexicanas para exigir una\u00a0compensaci\u00f3n econ\u00f3mica como parte de la reparaci\u00f3n del da\u00f1o, sin embargo, Vallarta Cisneros se\u00f1al\u00f3 que todav\u00eda no sabe si llevar\u00e1 a cabo o no este proceso pues se\u00f1al\u00f3 que aunque le den mil millones de pesos ya no podr\u00e1 recuperar su juventud, su salud ni a sus padres, quienes fallecieron durante su estancia en prisi\u00f3n, adem\u00e1s, detall\u00f3 que, por ahora pretende dedicarse a su familia ya que se\u00f1al\u00f3 que tambi\u00e9n se convirti\u00f3 en abuelo y pretende conocer a los nuevos miembros de su familia.<br \/>\nPara finalizar, Israel Vallarta se\u00f1al\u00f3 que tras recuperar su libertad no pretende ocultarse ni exigi\u00f3 protecci\u00f3n argumentando que\u00a0\u201cel que nada debe, nada teme\u201d, adem\u00e1s, adelant\u00f3 que en los pr\u00f3ximos d\u00edas ofrecer\u00e1 una conferencia de prensa en la que responder\u00e1 todas y cada una de las preguntas de los medios en torno a su medi\u00e1tico proceso legal.<br \/>\nAs\u00ed fue el medi\u00e1tico caso de \u201cLos Zodiacos\u201d<br \/>\nIsrael Vallarta y\u00a0Florence Cassez,\u00a0qui\u00e9nes ten\u00edan una relaci\u00f3n sentimental,\u00a0fueron detenidos en diciembre de 2005 acusados de encabezar una organizaci\u00f3n criminal dedicada al secuestro llamada \u201cLos Zodiacos\u201d, sin embargo, la pol\u00e9mica ocurri\u00f3 cuando la Agencia Federal de Investigaci\u00f3n (AFI), la cual, era comandada por\u00a0Genaro Garc\u00eda Luna, organiz\u00f3 una representaci\u00f3n del operativo \u201ca petici\u00f3n de medios de comunicaci\u00f3n\u201d, sin embargo, uno de los periodistas que realiz\u00f3 la cobertura neg\u00f3 dicha aseveraci\u00f3n por lo que qued\u00f3 al descubierto que se trat\u00f3 de un\u00a0montaje pues se se\u00f1al\u00f3 que la detenci\u00f3n de los implicados se hab\u00eda realizado un d\u00eda antes.<br \/>\nIsrael Vallarta y\u00a0Florence Cassez fueron detenidos en diciembre de 2005. Foto: Cuartoscuro\u00a0<br \/>\nPese a dicho montaje, los detenidos fueron procesados, en el caso de la ciudadana francesa,\u00a0Florence Cassez\u00a0fue condenada a 60 a\u00f1os en prisi\u00f3n, pero tras una revisi\u00f3n del caso la Suprema Corte de Justicia de la Naci\u00f3n decidi\u00f3 concederle su libertad en 2013 tras detectar m\u00faltiples irregularidades en el proceso, cabe mencionar que dicho caso fue sumamente medi\u00e1tico, incluso\u00a0ocasion\u00f3 cierta\u00a0tensi\u00f3n diplom\u00e1tica entre M\u00e9xico y Francia.<br \/>\nPor su parte,\u00a0Israel Vallarta,\u00a0a qui\u00e9n la Agencia Federal de Investigaci\u00f3n (AFI) se\u00f1al\u00f3 como el supuesto l\u00edder de la banda criminal dedicada al secuestro llamada\u00a0\u201cLos Zodiaco\u201d\u00a0ha denunciado en distintas ocasiones que tras su detenci\u00f3n fue\u00a0v\u00edctima de tortura,\u00a0lo cual, le ha provocado distintas afectaciones a su salud, sin embargo, durante todo el proceso defendi\u00f3 su inocencia y busc\u00f3 modificar la medida cautelar de prisi\u00f3n preventiva a trav\u00e9s de distintos recursos, sin embargo, tuvieron que pasar casi dos d\u00e9cadas para que esto ocurriera.<\/p>\n","protected":false},"excerpt":{"rendered":"<p>La ma\u00f1ana de este viernes 1 de agosto\u00a0Israel Vallarta\u00a0obtuvo su libertad luego de haber pasado 20 a\u00f1os en prisi\u00f3n preventiva por el medi\u00e1tico caso de\u00a0\u201cLos Zodiacos\u201d, en el cual, fue se\u00f1alado junto a la ciudadana francesa,\u00a0Florence Cassez,\u00a0de encabezar una c\u00e9lula criminal dedicada al secuestro y en sus primeras declaraciones se\u00f1al\u00f3 que siempre confi\u00f3 en que [&hellip;]<\/p>\n","protected":false},"author":8,"featured_media":57245,"comment_status":"closed","ping_status":"closed","sticky":false,"template":"","format":"standard","meta":{"footnotes":""},"categories":[55],"tags":[],"class_list":["post-57244","post","type-post","status-publish","format-standard","has-post-thumbnail","hentry","category-nacional"],"jetpack-related-posts":[],"_links":{"self":[{"href":"https:\/\/circulorojoslp.com\/index.php?rest_route=\/wp\/v2\/posts\/57244"}],"collection":[{"href":"https:\/\/circulorojoslp.com\/index.php?rest_route=\/wp\/v2\/posts"}],"about":[{"href":"https:\/\/circulorojoslp.com\/index.php?rest_route=\/wp\/v2\/types\/post"}],"author":[{"embeddable":true,"href":"https:\/\/circulorojoslp.com\/index.php?rest_route=\/wp\/v2\/users\/8"}],"replies":[{"embeddable":true,"href":"https:\/\/circulorojoslp.com\/index.php?rest_route=%2Fwp%2Fv2%2Fcomments&post=57244"}],"version-history":[{"count":0,"href":"https:\/\/circulorojoslp.com\/index.php?rest_route=\/wp\/v2\/posts\/57244\/revisions"}],"wp:featuredmedia":[{"embeddable":true,"href":"https:\/\/circulorojoslp.com\/index.php?rest_route=\/wp\/v2\/media\/57245"}],"wp:attachment":[{"href":"https:\/\/circulorojoslp.com\/index.php?rest_route=%2Fwp%2Fv2%2Fmedia&parent=57244"}],"wp:term":[{"taxonomy":"category","embeddable":true,"href":"https:\/\/circulorojoslp.com\/index.php?rest_route=%2Fwp%2Fv2%2Fcategories&post=57244"},{"taxonomy":"post_tag","embeddable":true,"href":"https:\/\/circulorojoslp.com\/index.php?rest_route=%2Fwp%2Fv2%2Ftags&post=57244"}],"curies":[{"name":"wp","href":"https:\/\/api.w.org\/{rel}","templated":true}]}}