{"id":57197,"date":"2025-07-31T13:25:51","date_gmt":"2025-07-31T19:25:51","guid":{"rendered":"https:\/\/circulorojoslp.com\/?p=57197"},"modified":"2025-07-31T13:25:51","modified_gmt":"2025-07-31T19:25:51","slug":"peligra-el-puesto-de-ter-stegen-como-portero-titular-de-alemania","status":"publish","type":"post","link":"https:\/\/circulorojoslp.com\/?p=57197","title":{"rendered":"\u00bfPeligra el puesto de Ter Stegen como portero titular de Alemania?"},"content":{"rendered":"<p>El seleccionador alem\u00e1n advierte que el puesto de Ter Stegen como n\u00famero uno depende de su puesto en el Barcelona<\/p>\n<p>El entrenador de\u00a0Alemania, Julian Nagelsmann, ha dicho que\u00a0Marc-Andr\u00e9 ter Stegen\u00a0tendr\u00e1 que ser titular en el\u00a0Barcelona\u00a0despu\u00e9s de su recuperaci\u00f3n de la cirug\u00eda si quiere seguir como el n\u00famero uno del pa\u00eds.<br \/>\nEl portero y capit\u00e1n de larga carrera en el\u00a0Barcelona, Ter Stegen, tuvo una operaci\u00f3n exitosa en su espalda baja esta semana, pero enfrenta el desaf\u00edo de mantener su lugar en el equipo despu\u00e9s de que el Bar\u00e7a fich\u00f3 al portero\u00a0Joan Garc\u00eda\u00a0el mes pasado del\u00a0Espanyol.<\/p>\n<p>\u201c\u00c9l es nuestro n\u00famero 1 si est\u00e1 en forma y si es el n\u00famero 1 en su club\u201d, dijo Nagelsmann sobre Ter Stegen a\u00a0Sky Alemania.<br \/>\n\u201cSi vuelve a ser el portero titular de su club, sin duda podr\u00e1 ser nuestro portero titular, porque se lo merece, pero deben cumplirse las condiciones necesarias, como cualquier otro jugador\u201d.<br \/>\nEl\u00a0Bar\u00e7a\u00a0no especific\u00f3 el tiempo que\u00a0Ter Stegen\u00a0estar\u00e1 de baja.<br \/>\nSeg\u00fan informes en Espa\u00f1a, el club catal\u00e1n presentar\u00e1 un informe al comit\u00e9 m\u00e9dico de\u00a0LaLiga\u00a0indicando que Ter Stegen estar\u00e1 de baja durante cuatro meses.<br \/>\nEl Bar\u00e7a podr\u00eda tener al menos el 50% del salario del jugador liberado para fines de inscripci\u00f3n seg\u00fan la cl\u00e1usula de lesi\u00f3n de LaLiga, una norma que se aplica si un jugador est\u00e1 de baja durante al menos cuatro meses.<br \/>\nSin embargo,\u00a0Ter Stegen, de 33 a\u00f1os, dijo antes de la cirug\u00eda que los m\u00e9dicos recomendaron un tiempo de recuperaci\u00f3n de alrededor de tres meses.<br \/>\nNagelsmann\u00a0dijo que espera que Ter Stegen regrese antes de fin de a\u00f1o.<\/p>\n<p>Una fuente dijo \u00a0que el Bar\u00e7a estaba abierto a que\u00a0Ter Stegen\u00a0se marchara este verano tras la llegada de Garc\u00eda, pero el jugador se mostraba reacio a marcharse.<br \/>\nEl objetivo de Ter Stegen es volver a estar en forma y competir por la camiseta n\u00famero 1 con la esperanza de ser tambi\u00e9n el portero de\u00a0Alemania\u00a0en el\u00a0Mundial.<br \/>\nTer Stegen\u00a0lleg\u00f3 al\u00a0Bar\u00e7a\u00a0procedente del Borussia M\u00f6nchengladbach en 2014 y ha sido el n\u00famero 1 indiscutible del equipo desde 2016.<\/p>\n<p>\u00a0<\/p>\n<p>\u201cS\u00e9 que Marc volver\u00e1 en diciembre\u201d, dijo. \u201cJugar\u00e1 los dos partidos [con Alemania] en marzo, tambi\u00e9n en junio, y luego jugar\u00e1 el Mundial\u201d.<br \/>\nTer Stegen, que en 2023 estuvo 66 d\u00edas de baja por otra operaci\u00f3n de espalda, se perdi\u00f3 la mayor parte de la temporada pasada por una lesi\u00f3n de rodilla, lo que impuls\u00f3 al Bar\u00e7a a fichar a\u00a0Wojciech Szczesny.<br \/>\nSzczesny, que sali\u00f3 del retiro para fichar por el Bar\u00e7a, firm\u00f3 recientemente un nuevo contrato de dos a\u00f1os con el\u00a0Bar\u00e7a\u00a0para cubrir a Garc\u00eda.<\/p>\n","protected":false},"excerpt":{"rendered":"<p>El seleccionador alem\u00e1n advierte que el puesto de Ter Stegen como n\u00famero uno depende de su puesto en el Barcelona El entrenador de\u00a0Alemania, Julian Nagelsmann, ha dicho que\u00a0Marc-Andr\u00e9 ter Stegen\u00a0tendr\u00e1 que ser titular en el\u00a0Barcelona\u00a0despu\u00e9s de su recuperaci\u00f3n de la cirug\u00eda si quiere seguir como el n\u00famero uno del pa\u00eds. El portero y capit\u00e1n de [&hellip;]<\/p>\n","protected":false},"author":8,"featured_media":57198,"comment_status":"closed","ping_status":"closed","sticky":false,"template":"","format":"standard","meta":{"footnotes":""},"categories":[43],"tags":[],"class_list":["post-57197","post","type-post","status-publish","format-standard","has-post-thumbnail","hentry","category-deportes"],"jetpack-related-posts":[],"_links":{"self":[{"href":"https:\/\/circulorojoslp.com\/index.php?rest_route=\/wp\/v2\/posts\/57197"}],"collection":[{"href":"https:\/\/circulorojoslp.com\/index.php?rest_route=\/wp\/v2\/posts"}],"about":[{"href":"https:\/\/circulorojoslp.com\/index.php?rest_route=\/wp\/v2\/types\/post"}],"author":[{"embeddable":true,"href":"https:\/\/circulorojoslp.com\/index.php?rest_route=\/wp\/v2\/users\/8"}],"replies":[{"embeddable":true,"href":"https:\/\/circulorojoslp.com\/index.php?rest_route=%2Fwp%2Fv2%2Fcomments&post=57197"}],"version-history":[{"count":0,"href":"https:\/\/circulorojoslp.com\/index.php?rest_route=\/wp\/v2\/posts\/57197\/revisions"}],"wp:featuredmedia":[{"embeddable":true,"href":"https:\/\/circulorojoslp.com\/index.php?rest_route=\/wp\/v2\/media\/57198"}],"wp:attachment":[{"href":"https:\/\/circulorojoslp.com\/index.php?rest_route=%2Fwp%2Fv2%2Fmedia&parent=57197"}],"wp:term":[{"taxonomy":"category","embeddable":true,"href":"https:\/\/circulorojoslp.com\/index.php?rest_route=%2Fwp%2Fv2%2Fcategories&post=57197"},{"taxonomy":"post_tag","embeddable":true,"href":"https:\/\/circulorojoslp.com\/index.php?rest_route=%2Fwp%2Fv2%2Ftags&post=57197"}],"curies":[{"name":"wp","href":"https:\/\/api.w.org\/{rel}","templated":true}]}}