{"id":5686,"date":"2019-01-30T08:44:08","date_gmt":"2019-01-30T14:44:08","guid":{"rendered":"http:\/\/circulorojoslp.com\/?p=5686"},"modified":"2019-01-30T08:44:08","modified_gmt":"2019-01-30T14:44:08","slug":"amlo-sostendra-a-delegado-en-slp-preguntan-medios-nacionales","status":"publish","type":"post","link":"https:\/\/circulorojoslp.com\/?p=5686","title":{"rendered":"\u201c\u00bfAMLO SOSTENDR\u00c1 A DELEGADO EN SLP?\u201d, PREGUNTAN MEDIOS NACIONALES"},"content":{"rendered":"<p><a class=\"_58cn\" href=\"https:\/\/www.facebook.com\/hashtag\/circulorojo?source=feed_text&amp;epa=HASHTAG&amp;__xts__%5B0%5D=68.ARA2EboM-sEfjE0nkj9DES2AMO8mNPI6IcOwbgt26-MQ0D-vd1KcVkD4HCi2EPg7Tz7tsthDCNbRPp0l3Vp53tKLn-MTC93abepPqpBHgJaGrslfljrpyu1Rp-c3JHz5fcYn_c8ih8qz4jE1OJGb5M4wTgCQnOjcSPf_b0SUkJzhSlEk3WZWT4KSzmZYBkJ6z3igb-iEtoVtWYcsIy5sQ3YBxi4-psLk2Xt092EaPtrRhDjSNks7Fc09Xkl5yiAI_L4aNNd89JNtFRxsw9tJyK81CVuSFMj_XaAZhokNWNVJUGaCsB5iuDG1jlAycAsuo5B89dW6-ivjcrAOB1PajoY&amp;__tn__=%2ANK-R\" data-ft=\"{&quot;type&quot;:104,&quot;tn&quot;:&quot;*N&quot;}\"><span class=\"_5afx\"><span class=\"_58cl _5afz\" aria-label=\"hashtag\">#<\/span><span class=\"_58cm\">CirculoRojo<\/span><\/span><\/a>\u00a0<a class=\"_58cn\" href=\"https:\/\/www.facebook.com\/hashtag\/slp?source=feed_text&amp;epa=HASHTAG&amp;__xts__%5B0%5D=68.ARA2EboM-sEfjE0nkj9DES2AMO8mNPI6IcOwbgt26-MQ0D-vd1KcVkD4HCi2EPg7Tz7tsthDCNbRPp0l3Vp53tKLn-MTC93abepPqpBHgJaGrslfljrpyu1Rp-c3JHz5fcYn_c8ih8qz4jE1OJGb5M4wTgCQnOjcSPf_b0SUkJzhSlEk3WZWT4KSzmZYBkJ6z3igb-iEtoVtWYcsIy5sQ3YBxi4-psLk2Xt092EaPtrRhDjSNks7Fc09Xkl5yiAI_L4aNNd89JNtFRxsw9tJyK81CVuSFMj_XaAZhokNWNVJUGaCsB5iuDG1jlAycAsuo5B89dW6-ivjcrAOB1PajoY&amp;__tn__=%2ANK-R\" data-ft=\"{&quot;type&quot;:104,&quot;tn&quot;:&quot;*N&quot;}\"><span class=\"_5afx\"><span class=\"_58cl _5afz\" aria-label=\"hashtag\">#<\/span><span class=\"_58cm\">SLP<\/span><\/span><\/a>\u00a0<a class=\"_58cn\" href=\"https:\/\/www.facebook.com\/hashtag\/lama%C3%B1anera?source=feed_text&amp;epa=HASHTAG&amp;__xts__%5B0%5D=68.ARA2EboM-sEfjE0nkj9DES2AMO8mNPI6IcOwbgt26-MQ0D-vd1KcVkD4HCi2EPg7Tz7tsthDCNbRPp0l3Vp53tKLn-MTC93abepPqpBHgJaGrslfljrpyu1Rp-c3JHz5fcYn_c8ih8qz4jE1OJGb5M4wTgCQnOjcSPf_b0SUkJzhSlEk3WZWT4KSzmZYBkJ6z3igb-iEtoVtWYcsIy5sQ3YBxi4-psLk2Xt092EaPtrRhDjSNks7Fc09Xkl5yiAI_L4aNNd89JNtFRxsw9tJyK81CVuSFMj_XaAZhokNWNVJUGaCsB5iuDG1jlAycAsuo5B89dW6-ivjcrAOB1PajoY&amp;__tn__=%2ANK-R\" data-ft=\"{&quot;type&quot;:104,&quot;tn&quot;:&quot;*N&quot;}\"><span class=\"_5afx\"><span class=\"_58cl _5afz\" aria-label=\"hashtag\">#<\/span><span class=\"_58cm\">LaMa\u00f1anera &#8211;\u00a0<\/span><\/span><\/a>\u201c\u00bfCaer\u00e1 el primer funcionario de AMLO?\u201d, cuestiona este 30 de enero la columna editorial \u201cBajo Reserva Expr\u00e9s\u201d del peri\u00f3dico El Universal, haciendo as\u00ed referencia a Gabino Morales Mendoza.<\/p>\n<p>Bajo una foto de Morales luciendo una camiseta con el logo del partido que le acaba de suspender sus derechos de militante, el diario apunta: \u201cGabino Morales est\u00e1 envuelto en una pol\u00e9mica por haber utilizado lenguaje machista contra una dirigente de MORENA\u201d.<\/p>\n<p>La editorial a\u00f1ade: \u201cNos comentan el superdelegado est\u00e1 por ser suspendido de sus derechos como militante de MORENA\u201d. Y cierran el texto con la interrogante: \u201c\u00bfEl Presidente lo mantendr\u00e1 en el cargo o ser\u00e1 Gabino el primer miembro del equipo de AMLO cesado?\u201d.<\/p>\n<p>Por su parte, el Diario Milenio destaca la molestia del presidente cuando los enviados de la prensa potosina a Cedral le cuestionaron sobre el impresentable delegado.<\/p>\n<p>\u201cAunque ayer MORENA le retir\u00f3 sus derechos partidistas por violencia pol\u00edtica y de g\u00e9nero, el Presidente se molest\u00f3 cuando le cuestionaron el tema y consider\u00f3 que se trata de politiquer\u00eda\u201d, se\u00f1ala el medio en su edici\u00f3n digital.<\/p>\n<p>Y tambi\u00e9n refiere otro comentario de AMLO sobre la forma en que fue recibido por los reporteros locales: \u201cAhora que llegu\u00e9 al aeropuerto de San Luis Potos\u00ed, bajando del avi\u00f3n, los periodistas pidi\u00e9ndome que yo respondiera que qu\u00e9 \u00edbamos a hacer con Gabino. \u00a1Imag\u00ednense!\u201d.<\/p>\n<p>\u201cLa Otra Opini\u00f3n\u201d, del periodista Ricardo Alem\u00e1n, public\u00f3 una nota con el siguiente titular: \u201cAMLO evade tema sobre suspensi\u00f3n del superdelegado Gabino Morales\u201d. Y en el primer p\u00e1rrafo resalta que al funcionario potosino se le acusa de \u201cmis\u00f3gino\u201d, \u201cmachista\u201d, y de \u201cejercer violencia pol\u00edtica\u201d.<\/p>\n<p>&nbsp;<\/p>\n","protected":false},"excerpt":{"rendered":"<p>#CirculoRojo\u00a0#SLP\u00a0#LaMa\u00f1anera &#8211;\u00a0\u201c\u00bfCaer\u00e1 el primer funcionario de AMLO?\u201d, cuestiona este 30 de enero la columna editorial \u201cBajo Reserva Expr\u00e9s\u201d del peri\u00f3dico El Universal, haciendo as\u00ed referencia a Gabino Morales Mendoza. Bajo una foto de Morales luciendo una camiseta con el logo del partido que le acaba de suspender sus derechos de militante, el diario apunta: \u201cGabino [&hellip;]<\/p>\n","protected":false},"author":5,"featured_media":5687,"comment_status":"open","ping_status":"open","sticky":false,"template":"","format":"standard","meta":{"footnotes":""},"categories":[3],"tags":[22],"class_list":["post-5686","post","type-post","status-publish","format-standard","has-post-thumbnail","hentry","category-nacionales","tag-principal"],"jetpack-related-posts":[],"_links":{"self":[{"href":"https:\/\/circulorojoslp.com\/index.php?rest_route=\/wp\/v2\/posts\/5686"}],"collection":[{"href":"https:\/\/circulorojoslp.com\/index.php?rest_route=\/wp\/v2\/posts"}],"about":[{"href":"https:\/\/circulorojoslp.com\/index.php?rest_route=\/wp\/v2\/types\/post"}],"author":[{"embeddable":true,"href":"https:\/\/circulorojoslp.com\/index.php?rest_route=\/wp\/v2\/users\/5"}],"replies":[{"embeddable":true,"href":"https:\/\/circulorojoslp.com\/index.php?rest_route=%2Fwp%2Fv2%2Fcomments&post=5686"}],"version-history":[{"count":1,"href":"https:\/\/circulorojoslp.com\/index.php?rest_route=\/wp\/v2\/posts\/5686\/revisions"}],"predecessor-version":[{"id":5688,"href":"https:\/\/circulorojoslp.com\/index.php?rest_route=\/wp\/v2\/posts\/5686\/revisions\/5688"}],"wp:featuredmedia":[{"embeddable":true,"href":"https:\/\/circulorojoslp.com\/index.php?rest_route=\/wp\/v2\/media\/5687"}],"wp:attachment":[{"href":"https:\/\/circulorojoslp.com\/index.php?rest_route=%2Fwp%2Fv2%2Fmedia&parent=5686"}],"wp:term":[{"taxonomy":"category","embeddable":true,"href":"https:\/\/circulorojoslp.com\/index.php?rest_route=%2Fwp%2Fv2%2Fcategories&post=5686"},{"taxonomy":"post_tag","embeddable":true,"href":"https:\/\/circulorojoslp.com\/index.php?rest_route=%2Fwp%2Fv2%2Ftags&post=5686"}],"curies":[{"name":"wp","href":"https:\/\/api.w.org\/{rel}","templated":true}]}}