{"id":56727,"date":"2025-07-02T22:49:32","date_gmt":"2025-07-03T04:49:32","guid":{"rendered":"https:\/\/circulorojoslp.com\/?p=56727"},"modified":"2025-07-02T22:49:32","modified_gmt":"2025-07-03T04:49:32","slug":"coordinacion-interinstitucional-para-atender-zonas-vulnerables-por-temporada-de-lluvias","status":"publish","type":"post","link":"https:\/\/circulorojoslp.com\/?p=56727","title":{"rendered":"COORDINACI\u00d3N INTERINSTITUCIONAL PARA ATENDER ZONAS VULNERABLES POR TEMPORADA DE LLUVIAS"},"content":{"rendered":"<p>\u2013 Zonas como Santa Rita, Olinda, Jassos y San Miguel de la Colina ser\u00e1n atendidas con acciones conjuntas entre direcciones municipales y CEA.<br \/>\nCon el objetivo de mitigar los problemas derivados de las lluvias e inundaciones, el Gobierno Municipal de Villa de Pozos sostuvo una reuni\u00f3n de trabajo con habitantes de las localidades de Santa Rita, Olinda, Jassos y San Miguel de la Colina, zonas que hist\u00f3ricamente presentan afectaciones durante la temporada de lluvias.<br \/>\nEl director de Desarrollo Social, Ra\u00fal Esquivel Castillo, explic\u00f3 que, durante la mesa de trabajo participaron representantes de diversas direcciones como Infraestructura y Fortalecimiento Municipal, Servicios Municipales, Desarrollo Rural y Desarrollo Social.<br \/>\nDurante la reuni\u00f3n, se acord\u00f3 la elaboraci\u00f3n de un plan de trabajo para atender los da\u00f1os generados por la falta de mantenimiento y abandono en la infraestructura h\u00eddrica por parte de la herencia maldita y entre las acciones previstas se incluye la operaci\u00f3n continua del cami\u00f3n vactor, uso de retroexcavadoras y limpieza de drenajes, todo como parte del compromiso del Gobierno Municipal con la seguridad y bienestar de las familias afectadas.<br \/>\nEsquivel Castillo, adelant\u00f3 que, estos trabajos est\u00e1n previstos comenzar a finales del mes de agosto tiempo en que se pronostica que disminuyan las lluvias, adem\u00e1s de trabajar de manera coordinada con la Comisi\u00f3n Estatal del Agua (CEA) para desarrollar un plan integral de desag\u00fce.<\/p>\n","protected":false},"excerpt":{"rendered":"<p>\u2013 Zonas como Santa Rita, Olinda, Jassos y San Miguel de la Colina ser\u00e1n atendidas con acciones conjuntas entre direcciones municipales y CEA. Con el objetivo de mitigar los problemas derivados de las lluvias e inundaciones, el Gobierno Municipal de Villa de Pozos sostuvo una reuni\u00f3n de trabajo con habitantes de las localidades de Santa [&hellip;]<\/p>\n","protected":false},"author":8,"featured_media":56728,"comment_status":"closed","ping_status":"closed","sticky":false,"template":"","format":"standard","meta":{"footnotes":""},"categories":[59],"tags":[],"class_list":["post-56727","post","type-post","status-publish","format-standard","has-post-thumbnail","hentry","category-villadepozos"],"jetpack-related-posts":[],"_links":{"self":[{"href":"https:\/\/circulorojoslp.com\/index.php?rest_route=\/wp\/v2\/posts\/56727"}],"collection":[{"href":"https:\/\/circulorojoslp.com\/index.php?rest_route=\/wp\/v2\/posts"}],"about":[{"href":"https:\/\/circulorojoslp.com\/index.php?rest_route=\/wp\/v2\/types\/post"}],"author":[{"embeddable":true,"href":"https:\/\/circulorojoslp.com\/index.php?rest_route=\/wp\/v2\/users\/8"}],"replies":[{"embeddable":true,"href":"https:\/\/circulorojoslp.com\/index.php?rest_route=%2Fwp%2Fv2%2Fcomments&post=56727"}],"version-history":[{"count":0,"href":"https:\/\/circulorojoslp.com\/index.php?rest_route=\/wp\/v2\/posts\/56727\/revisions"}],"wp:featuredmedia":[{"embeddable":true,"href":"https:\/\/circulorojoslp.com\/index.php?rest_route=\/wp\/v2\/media\/56728"}],"wp:attachment":[{"href":"https:\/\/circulorojoslp.com\/index.php?rest_route=%2Fwp%2Fv2%2Fmedia&parent=56727"}],"wp:term":[{"taxonomy":"category","embeddable":true,"href":"https:\/\/circulorojoslp.com\/index.php?rest_route=%2Fwp%2Fv2%2Fcategories&post=56727"},{"taxonomy":"post_tag","embeddable":true,"href":"https:\/\/circulorojoslp.com\/index.php?rest_route=%2Fwp%2Fv2%2Ftags&post=56727"}],"curies":[{"name":"wp","href":"https:\/\/api.w.org\/{rel}","templated":true}]}}