{"id":56636,"date":"2025-06-27T22:57:45","date_gmt":"2025-06-28T04:57:45","guid":{"rendered":"https:\/\/circulorojoslp.com\/?p=56636"},"modified":"2025-06-27T22:57:45","modified_gmt":"2025-06-28T04:57:45","slug":"villa-de-pozos-celebra-diversidad-con-pabellon-de-emprendimiento-inclusivo","status":"publish","type":"post","link":"https:\/\/circulorojoslp.com\/?p=56636","title":{"rendered":"VILLA DE POZOS CELEBRA DIVERSIDAD CON PABELL\u00d3N DE EMPRENDIMIENTO INCLUSIVO"},"content":{"rendered":"<p>\u2013 La Direcci\u00f3n de Desarrollo Econ\u00f3mico organiz\u00f3 el evento para promover la inclusi\u00f3n y el crecimiento de la econom\u00eda local, del 27 al 29 de junio.<br \/>\nComo parte de las actividades en conmemoraci\u00f3n del mes del orgullo, el Gobierno de Villa de Pozos, a trav\u00e9s de la Direcci\u00f3n de Desarrollo Econ\u00f3mico, lleva a cabo el Pabell\u00f3n de Emprendimiento Inclusivo, un evento que se realiza del 27 al 29 de junio en el jard\u00edn principal del municipio, con el prop\u00f3sito de generar oportunidades igualitarias para todos los sectores de la poblaci\u00f3n.<br \/>\nEl director de Desarrollo Econ\u00f3mico, Juan Alejandro M\u00e9ndez Zavala, destac\u00f3 que esta iniciativa busca visibilizar y fortalecer el desarrollo econ\u00f3mico de emprendedores y emprendedoras locales, sin distinci\u00f3n de identidad o g\u00e9nero, en un entorno donde la inclusi\u00f3n, la diversidad y el apoyo mutuo son pilares fundamentales.<br \/>\nEl pabell\u00f3n est\u00e1 abierto al p\u00fablico en un horario de 10:00 a 21:00 horas y representa un punto de encuentro para conocer la variedad de propuestas que enriquecen el panorama comercial de Villa de Pozos, al tiempo que promueve la interacci\u00f3n entre participantes y visitantes, generando una experiencia din\u00e1mica y enriquecedora para toda la comunidad.<br \/>\nAdem\u00e1s de impulsar la econom\u00eda local, el Pabell\u00f3n de Emprendimiento Inclusivo se convierte en una plataforma para el di\u00e1logo y el entendimiento, para fortalecer los valores de respeto y equidad que caracterizan al municipio y consolidar un modelo de desarrollo con enfoque humano y social.<\/p>\n","protected":false},"excerpt":{"rendered":"<p>\u2013 La Direcci\u00f3n de Desarrollo Econ\u00f3mico organiz\u00f3 el evento para promover la inclusi\u00f3n y el crecimiento de la econom\u00eda local, del 27 al 29 de junio. Como parte de las actividades en conmemoraci\u00f3n del mes del orgullo, el Gobierno de Villa de Pozos, a trav\u00e9s de la Direcci\u00f3n de Desarrollo Econ\u00f3mico, lleva a cabo el [&hellip;]<\/p>\n","protected":false},"author":8,"featured_media":56637,"comment_status":"closed","ping_status":"closed","sticky":false,"template":"","format":"standard","meta":{"footnotes":""},"categories":[59],"tags":[],"class_list":["post-56636","post","type-post","status-publish","format-standard","has-post-thumbnail","hentry","category-villadepozos"],"jetpack-related-posts":[],"_links":{"self":[{"href":"https:\/\/circulorojoslp.com\/index.php?rest_route=\/wp\/v2\/posts\/56636"}],"collection":[{"href":"https:\/\/circulorojoslp.com\/index.php?rest_route=\/wp\/v2\/posts"}],"about":[{"href":"https:\/\/circulorojoslp.com\/index.php?rest_route=\/wp\/v2\/types\/post"}],"author":[{"embeddable":true,"href":"https:\/\/circulorojoslp.com\/index.php?rest_route=\/wp\/v2\/users\/8"}],"replies":[{"embeddable":true,"href":"https:\/\/circulorojoslp.com\/index.php?rest_route=%2Fwp%2Fv2%2Fcomments&post=56636"}],"version-history":[{"count":0,"href":"https:\/\/circulorojoslp.com\/index.php?rest_route=\/wp\/v2\/posts\/56636\/revisions"}],"wp:featuredmedia":[{"embeddable":true,"href":"https:\/\/circulorojoslp.com\/index.php?rest_route=\/wp\/v2\/media\/56637"}],"wp:attachment":[{"href":"https:\/\/circulorojoslp.com\/index.php?rest_route=%2Fwp%2Fv2%2Fmedia&parent=56636"}],"wp:term":[{"taxonomy":"category","embeddable":true,"href":"https:\/\/circulorojoslp.com\/index.php?rest_route=%2Fwp%2Fv2%2Fcategories&post=56636"},{"taxonomy":"post_tag","embeddable":true,"href":"https:\/\/circulorojoslp.com\/index.php?rest_route=%2Fwp%2Fv2%2Ftags&post=56636"}],"curies":[{"name":"wp","href":"https:\/\/api.w.org\/{rel}","templated":true}]}}