{"id":56526,"date":"2025-06-23T22:42:01","date_gmt":"2025-06-24T04:42:01","guid":{"rendered":"https:\/\/circulorojoslp.com\/?p=56526"},"modified":"2025-06-23T22:42:01","modified_gmt":"2025-06-24T04:42:01","slug":"planteles-educativos-de-villa-de-pozos-se-suman-al-programa-escuelas-verdes","status":"publish","type":"post","link":"https:\/\/circulorojoslp.com\/?p=56526","title":{"rendered":"PLANTELES EDUCATIVOS DE VILLA DE POZOS SE SUMAN AL PROGRAMA \u201cESCUELAS VERDES\u201d"},"content":{"rendered":"<p>\u00a0<br \/>\n\u2013 El Jard\u00edn de Ni\u00f1os Josefa Ortiz de Dom\u00ednguez recibi\u00f3 m\u00e1s de 100 \u00e1rboles donados por la SEGAM.<br \/>\nEl Jard\u00edn de Ni\u00f1os Josefa Ortiz de Dom\u00ednguez, ubicado en la cabecera municipal de Villa de Pozos, fue reconocido como parte del programa estatal \u201cEscuelas Verdes\u201d, iniciativa liderada por la Secretar\u00eda de Ecolog\u00eda y Gesti\u00f3n Ambiental (SEGAM) como parte de un esfuerzo conjunto por fortalecer la conciencia ambiental en los centros educativos de San Luis Potos\u00ed.<br \/>\nComo parte de esta incorporaci\u00f3n, el plantel recibi\u00f3 la donaci\u00f3n de m\u00e1s de 100 \u00e1rboles, mismos que fueron reforestados en sus instalaciones con la participaci\u00f3n de estudiantes, docentes, madres y padres de familia.<br \/>\nLa titular de la SEGAM, Sonia Mendoza D\u00edaz, destac\u00f3 el entusiasmo y compromiso de la localidad educativa poce\u00f1a, al se\u00f1alar que la participaci\u00f3n de ni\u00f1as, ni\u00f1os y familias es clave para sembrar en las futuras generaciones una verdadera cultura del cuidado ambiental.<br \/>\nAdem\u00e1s de la jornada de reforestaci\u00f3n, estudiantes compartieron los conocimientos adquiridos durante la capacitaci\u00f3n integral sobre medio ambiente y demostraron su compromiso con la protecci\u00f3n del entorno.<\/p>\n","protected":false},"excerpt":{"rendered":"<p>\u00a0 \u2013 El Jard\u00edn de Ni\u00f1os Josefa Ortiz de Dom\u00ednguez recibi\u00f3 m\u00e1s de 100 \u00e1rboles donados por la SEGAM. El Jard\u00edn de Ni\u00f1os Josefa Ortiz de Dom\u00ednguez, ubicado en la cabecera municipal de Villa de Pozos, fue reconocido como parte del programa estatal \u201cEscuelas Verdes\u201d, iniciativa liderada por la Secretar\u00eda de Ecolog\u00eda y Gesti\u00f3n Ambiental [&hellip;]<\/p>\n","protected":false},"author":8,"featured_media":56527,"comment_status":"closed","ping_status":"closed","sticky":false,"template":"","format":"standard","meta":{"footnotes":""},"categories":[59],"tags":[],"class_list":["post-56526","post","type-post","status-publish","format-standard","has-post-thumbnail","hentry","category-villadepozos"],"jetpack-related-posts":[],"_links":{"self":[{"href":"https:\/\/circulorojoslp.com\/index.php?rest_route=\/wp\/v2\/posts\/56526"}],"collection":[{"href":"https:\/\/circulorojoslp.com\/index.php?rest_route=\/wp\/v2\/posts"}],"about":[{"href":"https:\/\/circulorojoslp.com\/index.php?rest_route=\/wp\/v2\/types\/post"}],"author":[{"embeddable":true,"href":"https:\/\/circulorojoslp.com\/index.php?rest_route=\/wp\/v2\/users\/8"}],"replies":[{"embeddable":true,"href":"https:\/\/circulorojoslp.com\/index.php?rest_route=%2Fwp%2Fv2%2Fcomments&post=56526"}],"version-history":[{"count":0,"href":"https:\/\/circulorojoslp.com\/index.php?rest_route=\/wp\/v2\/posts\/56526\/revisions"}],"wp:featuredmedia":[{"embeddable":true,"href":"https:\/\/circulorojoslp.com\/index.php?rest_route=\/wp\/v2\/media\/56527"}],"wp:attachment":[{"href":"https:\/\/circulorojoslp.com\/index.php?rest_route=%2Fwp%2Fv2%2Fmedia&parent=56526"}],"wp:term":[{"taxonomy":"category","embeddable":true,"href":"https:\/\/circulorojoslp.com\/index.php?rest_route=%2Fwp%2Fv2%2Fcategories&post=56526"},{"taxonomy":"post_tag","embeddable":true,"href":"https:\/\/circulorojoslp.com\/index.php?rest_route=%2Fwp%2Fv2%2Ftags&post=56526"}],"curies":[{"name":"wp","href":"https:\/\/api.w.org\/{rel}","templated":true}]}}