{"id":56410,"date":"2025-06-13T22:36:06","date_gmt":"2025-06-14T04:36:06","guid":{"rendered":"https:\/\/circulorojoslp.com\/?p=56410"},"modified":"2025-06-13T22:36:06","modified_gmt":"2025-06-14T04:36:06","slug":"exhorto-a-autoridades-para-proteccion-de-menores-de-edad","status":"publish","type":"post","link":"https:\/\/circulorojoslp.com\/?p=56410","title":{"rendered":"Exhorto a autoridades para protecci\u00f3n de menores de edad."},"content":{"rendered":"<p>En sesi\u00f3n de trabajo, las y los integrantes de la Comisi\u00f3n Primera de Justicia de la LXIV Legislatura, aprobaron el Punto de Acuerdo para exhortar respetuosamente a la persona titular del \u201cSistema Nacional para el Desarrollo Integral de la Familia\u201d en su car\u00e1cter de instancia coordinadora del \u201cSistema Nacional de Asistencia Social P\u00fablica y Privada\u201d, a efecto de que se implementen acciones y pol\u00edticas p\u00fablicas y fortalezcan las ya existentes, para erradicar el matrimonio infantil y la cohabitaci\u00f3n forzada de personas menores de edad en todo el territorio nacional.<br \/>\n\u00a0<br \/>\nEsto, con mayor \u00e9nfasis respecto de ni\u00f1as y mujeres adolescentes que viven en condiciones de pobreza, as\u00ed como en comunidades rurales e ind\u00edgenas, por resultar en la violaci\u00f3n de sus derechos humanos, y en la comisi\u00f3n de un delito.<br \/>\n\u00a0<br \/>\nLa diputada Leticia V\u00e1zquez, presidenta de la Comisi\u00f3n Primera de Justicia se\u00f1al\u00f3 que derivado de la reforma realizada al C\u00f3digo Civil Federal del 3 de junio de 2019, se elimin\u00f3 la disposici\u00f3n legal que permit\u00eda el matrimonio a partir de 16 a\u00f1os para los hombres y 14 a\u00f1os para las mujeres, as\u00ed como aquella que contemplaba la posibilidad de que autoridades y familiares concedieran dispensas o consentimiento para contraer matrimonio antes de los 18 a\u00f1os.<br \/>\n\u00a0<br \/>\nAdem\u00e1s, la reforma al C\u00f3digo Penal Federal en relaci\u00f3n a la sanci\u00f3n por \u201cCohabitaci\u00f3n Forzada de Personas Menores de Dieciocho A\u00f1os de Edad o de Personas que no tienen Capacidad para comprender el Significado del Hecho o de Personas que no tienen Capacidad para Resistirlo\u201d, para la protecci\u00f3n de \u00a0ni\u00f1as, ni\u00f1os y adolescentes.<br \/>\n\u00a0<br \/>\nSe indica que ni\u00f1as, ni\u00f1os y adolescentes al\u00a0 adquirir tambi\u00e9n responsabilidades derivadas de la paternidad o maternidad, seg\u00fan corresponda, se generan eventualmente graves da\u00f1os a la salud principalmente en ni\u00f1as por situaciones de embarazo; se reducen las oportunidades de empleo, con lo que se perjudica tambi\u00e9n a la familia y a la comunidad.<br \/>\n\u00a0<br \/>\nEl Punto de Acuerdo, propuesto por la diputada Frinn\u00e9 Azuara, se turnar\u00e1 al pleno para su votaci\u00f3n.<\/p>\n","protected":false},"excerpt":{"rendered":"<p>En sesi\u00f3n de trabajo, las y los integrantes de la Comisi\u00f3n Primera de Justicia de la LXIV Legislatura, aprobaron el Punto de Acuerdo para exhortar respetuosamente a la persona titular del \u201cSistema Nacional para el Desarrollo Integral de la Familia\u201d en su car\u00e1cter de instancia coordinadora del \u201cSistema Nacional de Asistencia Social P\u00fablica y Privada\u201d, [&hellip;]<\/p>\n","protected":false},"author":8,"featured_media":56411,"comment_status":"closed","ping_status":"closed","sticky":false,"template":"","format":"standard","meta":{"footnotes":""},"categories":[53],"tags":[],"class_list":["post-56410","post","type-post","status-publish","format-standard","has-post-thumbnail","hentry","category-congreso"],"jetpack-related-posts":[],"_links":{"self":[{"href":"https:\/\/circulorojoslp.com\/index.php?rest_route=\/wp\/v2\/posts\/56410"}],"collection":[{"href":"https:\/\/circulorojoslp.com\/index.php?rest_route=\/wp\/v2\/posts"}],"about":[{"href":"https:\/\/circulorojoslp.com\/index.php?rest_route=\/wp\/v2\/types\/post"}],"author":[{"embeddable":true,"href":"https:\/\/circulorojoslp.com\/index.php?rest_route=\/wp\/v2\/users\/8"}],"replies":[{"embeddable":true,"href":"https:\/\/circulorojoslp.com\/index.php?rest_route=%2Fwp%2Fv2%2Fcomments&post=56410"}],"version-history":[{"count":0,"href":"https:\/\/circulorojoslp.com\/index.php?rest_route=\/wp\/v2\/posts\/56410\/revisions"}],"wp:featuredmedia":[{"embeddable":true,"href":"https:\/\/circulorojoslp.com\/index.php?rest_route=\/wp\/v2\/media\/56411"}],"wp:attachment":[{"href":"https:\/\/circulorojoslp.com\/index.php?rest_route=%2Fwp%2Fv2%2Fmedia&parent=56410"}],"wp:term":[{"taxonomy":"category","embeddable":true,"href":"https:\/\/circulorojoslp.com\/index.php?rest_route=%2Fwp%2Fv2%2Fcategories&post=56410"},{"taxonomy":"post_tag","embeddable":true,"href":"https:\/\/circulorojoslp.com\/index.php?rest_route=%2Fwp%2Fv2%2Ftags&post=56410"}],"curies":[{"name":"wp","href":"https:\/\/api.w.org\/{rel}","templated":true}]}}