{"id":56386,"date":"2025-06-12T13:39:52","date_gmt":"2025-06-12T19:39:52","guid":{"rendered":"https:\/\/circulorojoslp.com\/?p=56386"},"modified":"2025-06-12T13:39:52","modified_gmt":"2025-06-12T19:39:52","slug":"sheinbaum-debuta-en-el-g7-entre-aplausos-diplomaticos-y-una-bomba-migratoria","status":"publish","type":"post","link":"https:\/\/circulorojoslp.com\/?p=56386","title":{"rendered":"Sheinbaum debuta en el G7 entre aplausos diplom\u00e1ticos y una bomba migratoria"},"content":{"rendered":"<p>El\u00a0G7\u00a0no es s\u00f3lo una cumbre de potencias. Es el foro donde se mide la\u00a0estatura pol\u00edtica\u00a0de quienes buscan liderar en un mundo convulso y fragmentado. En ese escenario debuta\u00a0Claudia Sheinbaum, y lo hace con una preocupaci\u00f3n que trasciende la pol\u00edtica exterior: una iniciativa en Estados Unidos pretende imponer un impuesto a las\u00a0remesas enviadas\u00a0por migrantes mexicanos.<br \/>\nEse riesgo no es simb\u00f3lico. Se trata de una amenaza contra millones de\u00a0connacionales\u00a0que, desde el extranjero, sostienen la econom\u00eda de cientos de comunidades en el pa\u00eds. Convertir las remesas en objeto de castigo fiscal ser\u00eda\u00a0criminalizar el trabajo honesto\u00a0de quienes han asumido el costo de migrar y el esfuerzo de mantenerse conectados con su tierra y con sus familias, pese a la distancia y las adversidades.<br \/>\nLa medida es jur\u00eddicamente cuestionable y \u00e9ticamente injusta. Rompe con el principio de\u00a0igualdad, introduce un sesgo discriminatorio y transmite el mensaje profundamente hostil de que enviar dinero a casa es una conducta reprochable. En vez de valorar el esfuerzo migrante, lo transforma en blanco de sanci\u00f3n, y vulnera principios de igualdad y libre circulaci\u00f3n de capitales reconocidos en\u00a0tratados internacionales.<br \/>\nM\u00e9xico no puede mirar hacia otro lado. M\u00e1s de doce millones de personas dependen de esos recursos. Las remesas representan ingresos m\u00e1s constantes que muchos\u00a0programas sociales\u00a0y m\u00e1s eficaces que buena parte de las pol\u00edticas de desarrollo. Obstaculizar su flujo da\u00f1ar\u00eda a quienes las env\u00edan, a quienes las reciben y al tejido social que ambos sostienen con enorme sacrificio,\u00a0compromiso familiar\u00a0y profunda lealtad comunitaria.<\/p>\n<p>El momento exige una respuesta clara y estrat\u00e9gica. La presidenta Sheinbaum tiene en sus manos la oportunidad de convertir una amenaza en causa com\u00fan. Adem\u00e1s de participar en las sesiones plenarias del G7, podr\u00eda aprovechar para reunirse con sus contrapartes de Estados Unidos y Canad\u00e1 para que se introduzca este tema en el marco del\u00a0T-MEC\u00a0al nivel de prioridad regional vinculada a derechos humanos, integraci\u00f3n productiva y\u00a0estabilidad econ\u00f3mica.<br \/>\nEse gesto no ser\u00eda menor. Trasladar la discusi\u00f3n a un espacio institucional donde M\u00e9xico cuenta con voz y herramientas jur\u00eddicas permitir\u00eda desplazar el debate del Congreso estadounidense a una mesa multilateral m\u00e1s equilibrada. Tambi\u00e9n reforzar\u00eda la legitimidad de Sheinbaum ante los l\u00edderes del G7, mostrando que su\u00a0pol\u00edtica exterior\u00a0no se basa en discursos c\u00f3modos, sino en la defensa activa, sostenida y coherente de los connacionales que hoy exigen representaci\u00f3n real.<br \/>\nCada debut internacional es una\u00a0carta de presentaci\u00f3n. Lo que diga y haga la Presidenta revelar\u00e1 las verdaderas prioridades de su administraci\u00f3n. Este momento ofrece la posibilidad de ejercer un liderazgo que no reh\u00faye el conflicto, sino que lo enfrenta con visi\u00f3n,\u00a0convicci\u00f3n pol\u00edtica, sensibilidad diplom\u00e1tica y sentido humano. M\u00e9xico necesita una Presidenta que no se limite a asistir \u2014ojal\u00e1 no deje de hacerlo\u2014, sino que act\u00fae. Que no tema incomodar cuando se trata de proteger\u00a0derechos fundamentales. Que haga valer la dignidad, la ley y el inter\u00e9s nacional. El respeto a los\u00a0migrantes\u00a0comienza all\u00ed donde se toman decisiones que los afectan. Y hoy, el G7 es precisamente uno de esos lugares.<\/p>\n","protected":false},"excerpt":{"rendered":"<p>El\u00a0G7\u00a0no es s\u00f3lo una cumbre de potencias. Es el foro donde se mide la\u00a0estatura pol\u00edtica\u00a0de quienes buscan liderar en un mundo convulso y fragmentado. En ese escenario debuta\u00a0Claudia Sheinbaum, y lo hace con una preocupaci\u00f3n que trasciende la pol\u00edtica exterior: una iniciativa en Estados Unidos pretende imponer un impuesto a las\u00a0remesas enviadas\u00a0por migrantes mexicanos. Ese [&hellip;]<\/p>\n","protected":false},"author":8,"featured_media":56387,"comment_status":"closed","ping_status":"closed","sticky":false,"template":"","format":"standard","meta":{"footnotes":""},"categories":[55],"tags":[],"class_list":["post-56386","post","type-post","status-publish","format-standard","has-post-thumbnail","hentry","category-nacional"],"jetpack-related-posts":[],"_links":{"self":[{"href":"https:\/\/circulorojoslp.com\/index.php?rest_route=\/wp\/v2\/posts\/56386"}],"collection":[{"href":"https:\/\/circulorojoslp.com\/index.php?rest_route=\/wp\/v2\/posts"}],"about":[{"href":"https:\/\/circulorojoslp.com\/index.php?rest_route=\/wp\/v2\/types\/post"}],"author":[{"embeddable":true,"href":"https:\/\/circulorojoslp.com\/index.php?rest_route=\/wp\/v2\/users\/8"}],"replies":[{"embeddable":true,"href":"https:\/\/circulorojoslp.com\/index.php?rest_route=%2Fwp%2Fv2%2Fcomments&post=56386"}],"version-history":[{"count":0,"href":"https:\/\/circulorojoslp.com\/index.php?rest_route=\/wp\/v2\/posts\/56386\/revisions"}],"wp:featuredmedia":[{"embeddable":true,"href":"https:\/\/circulorojoslp.com\/index.php?rest_route=\/wp\/v2\/media\/56387"}],"wp:attachment":[{"href":"https:\/\/circulorojoslp.com\/index.php?rest_route=%2Fwp%2Fv2%2Fmedia&parent=56386"}],"wp:term":[{"taxonomy":"category","embeddable":true,"href":"https:\/\/circulorojoslp.com\/index.php?rest_route=%2Fwp%2Fv2%2Fcategories&post=56386"},{"taxonomy":"post_tag","embeddable":true,"href":"https:\/\/circulorojoslp.com\/index.php?rest_route=%2Fwp%2Fv2%2Ftags&post=56386"}],"curies":[{"name":"wp","href":"https:\/\/api.w.org\/{rel}","templated":true}]}}