{"id":56276,"date":"2025-05-12T14:57:34","date_gmt":"2025-05-12T20:57:34","guid":{"rendered":"https:\/\/ultimahoraslp.com\/?p=56276"},"modified":"2025-05-12T14:57:34","modified_gmt":"2025-05-12T20:57:34","slug":"iniciativa-para-crear-fiscalia-en-desaparicion-forzada-de-personas-2","status":"publish","type":"post","link":"https:\/\/circulorojoslp.com\/?p=56276","title":{"rendered":"Iniciativa para crear Fiscal\u00eda en Desaparici\u00f3n Forzada de Personas."},"content":{"rendered":"<div id=\"region-content\" class=\"grid-8 region region-content\">\n<div class=\"region-inner region-content-inner\">\n<div id=\"block-system-main\" class=\"block block-system block-main block-system-main odd block-without-title\">\n<div class=\"block-inner clearfix\">\n<div class=\"content clearfix\">\n<div id=\"node-articulo-dia-a-dia-19616\" class=\"ds-2col-stacked node node-articulo-dia-a-dia view-mode-full node-not-promoted node-not-sticky author-ccs02-martham odd clearfix clearfix\">\n<div class=\"group-header\">\n<div class=\"field field-name-body field-type-text-with-summary field-label-hidden\">\n<div class=\"field-items\">\n<div class=\"field-item even\">\n<p>Con el objetivo de crear una Fiscal\u00eda Especializada en Desaparici\u00f3n Forzada de Personas y Desaparici\u00f3n Cometida por Particulares, garantizando su autonom\u00eda t\u00e9cnica y operativa para la investigaci\u00f3n y persecuci\u00f3n de estos delito, el diputado Luis Fernando G\u00e1mez Mac\u00edas propuso una iniciativa de reforma a\u00a0 diversos art\u00edculos de la Ley Org\u00e1nica de la Fiscal\u00eda General del Estado de san Luis Potos\u00ed; y a Ley en Materia de Desaparici\u00f3n Forzada de Personas, Desaparici\u00f3n Cometida por Particulares, y del Sistema Estatal de B\u00fasqueda de Personas del Estado de San Luis Potos\u00ed.<\/p>\n<p>&nbsp;<\/p>\n<p>Con esta iniciativa, se dar\u00e1 cumplimiento a lo establecido en la legislaci\u00f3n federal que exige Fiscal\u00edas Especializadas en cada entidad federativa, con lo cual se fortalece la respuesta institucional ante estos delitos.<\/p>\n<p>&nbsp;<\/p>\n<p>El legislador G\u00e1mez Mac\u00edas indic\u00f3 que esta propuesta parte tambi\u00e9n de la exigencia de las asociaciones civiles y familiares de personas desaparecidas, promoviendo mayor protecci\u00f3n y garant\u00edas legales.<\/p>\n<p>&nbsp;<\/p>\n<p>La iniciativa propone la creaci\u00f3n de la Fiscal\u00eda Especializada para la Atenci\u00f3n de Desaparici\u00f3n Forzada de Personas y Desaparici\u00f3n Cometida por Particulares y del Sistema de B\u00fasqueda de Personas, misma que tendr\u00e1 plena autonom\u00eda t\u00e9cnica y operativa para el conocimiento, atenci\u00f3n, investigaci\u00f3n, persecuci\u00f3n y acusaci\u00f3n de los hechos delictivos previstos en la Ley General en Materia de Desaparici\u00f3n Forzada de Personas, Desaparici\u00f3n cometida por Particulares y del Sistema Nacional de B\u00fasqueda de Personas.<\/p>\n<p>&nbsp;<\/p>\n<p>Esta Fiscal\u00eda, contar\u00e1 con las siguientes atribuciones: recibir las Denuncias relacionadas con la probable comisi\u00f3n de hechos constitutivos de los delitos materia de la Ley correspondiente e iniciar la carpeta de investigaci\u00f3n; mantener coordinaci\u00f3n con las Comisiones Nacional y de las Entidades Federativas de B\u00fasqueda, para realizar todas las acciones relativas a la investigaci\u00f3n y persecuci\u00f3n de los delitos en esa materia, conforme al Protocolo Homologado de Investigaci\u00f3n y dem\u00e1s disposiciones aplicables.<\/p>\n<p>&nbsp;<\/p>\n<p>Dar aviso de manera inmediata, a trav\u00e9s del Registro Nacional, a las Comisiones Estatal y Nacional de B\u00fasqueda sobre el inicio de una investigaci\u00f3n de los delitos de esa materia, a fin de que se inicien las acciones correspondientes a la b\u00fasqueda; as\u00ed como compartir la informaci\u00f3n relevante, de conformidad con el Protocolo Homologado de Investigaci\u00f3n y dem\u00e1s disposiciones aplicables; proporcionar a la Comisi\u00f3n Estatal de B\u00fasqueda la informaci\u00f3n que \u00e9sta le solicite, tendiente a la b\u00fasqueda de personas con fines de identificaci\u00f3n humana y entregar al Centro Nacional la informaci\u00f3n correspondiente bajo los criterios de homologaci\u00f3n definidos por la Comisi\u00f3n.<\/p>\n<p>&nbsp;<\/p>\n<p>Mantener comunicaci\u00f3n continua y permanente con las Comisiones Nacional de B\u00fasqueda y las Comisiones Locales de B\u00fasqueda, a fin de compartir informaci\u00f3n que pudiera contribuir en las acciones para la b\u00fasqueda y localizaci\u00f3n de personas, en t\u00e9rminos de las disposiciones aplicables; informar de manera inmediata a la Comisi\u00f3n Nacional de B\u00fasqueda o a la Comisi\u00f3n Local de B\u00fasqueda, seg\u00fan sea el caso, la localizaci\u00f3n o identificaci\u00f3n de una Persona.<\/p>\n<p>&nbsp;<\/p>\n<p>Mantener comunicaci\u00f3n continua y permanente con el Mecanismo de Apoyo Exterior y la Unidad de Investigaci\u00f3n de Delitos para Personas Migrantes para recibir, recabar y proporcionar informaci\u00f3n sobre las acciones de investigaci\u00f3n y persecuci\u00f3n de los delitos en la materia cometidos en contra de personas migrantes; solicitar directamente la localizaci\u00f3n geogr\u00e1fica en tiempo real o la entrega de los datos conservados, en los t\u00e9rminos establecidos en el C\u00f3digo Nacional de Procedimientos Penales; solicitar el apoyo policial a las autoridades competentes, para realizar las tareas de investigaci\u00f3n en campo; recabar la informaci\u00f3n necesaria para la persecuci\u00f3n e investigaci\u00f3n de los delitos en la materia.<\/p>\n<p>&nbsp;<\/p>\n<p>Solicitar al Juez de Control competente las medidas cautelares que sean necesarias, de conformidad con el C\u00f3digo Nacional de Procedimientos Penales; solicitar la participaci\u00f3n de la Comisi\u00f3n Ejecutiva de Atenci\u00f3n a V\u00edctimas; as\u00ed como a las instituciones y organizaciones de derechos humanos y de protecci\u00f3n civil, en los t\u00e9rminos de las disposiciones jur\u00eddicas aplicables; localizar a las familias de las personas fallecidas identificadas no reclamadas, en coordinaci\u00f3n con las instituciones correspondientes, para poder hacer la entrega digna de cad\u00e1veres o restos humanos, conforme a lo se\u00f1alado por el Protocolo Homologado de Investigaci\u00f3n y dem\u00e1s normas aplicables; entre otras.<\/p>\n<p>&nbsp;<\/p>\n<p>El diputado Fernando G\u00e1mez hizo entrega de la iniciativa a la Coordinaci\u00f3n Parlamentaria, con la presencia de integrantes de colectivos de madres buscadoras.<\/p>\n<p>&nbsp;<\/p>\n<p>El legislador puntualiz\u00f3 que esta iniciativa se estar\u00e1 turnado a las comisiones legislativas, para iniciar con el an\u00e1lisis en conjunto con las diferentes asociaciones de b\u00fasqueda de personas, y madres buscadoras para poder votarla en el Pleno a la brevedad.<\/p>\n<\/div>\n<\/div>\n<\/div>\n<\/div>\n<div class=\"group-left\"><\/div>\n<div class=\"group-right\"><\/div>\n<div class=\"group-footer\"><\/div>\n<\/div>\n<\/div>\n<\/div>\n<\/div>\n<\/div>\n<\/div>\n<aside id=\"region-sidebar-second\" class=\"grid-4 region region-sidebar-second\">\n<div class=\"region-inner region-sidebar-second-inner\">\n<div id=\"block-views-marco-normativo-block\" class=\"block block-views block-marco-normativo-block block-views-marco-normativo-block odd block-without-title\">\n<div class=\"block-inner clearfix\">\n<div class=\"content clearfix\">\n<div class=\"view view-marco-normativo view-id-marco_normativo view-display-id-block view-dom-id-dfc9a077c3b9f9bbe2cb9104f3a22ece\">\n<div class=\"view-content\"><\/div>\n<\/div>\n<\/div>\n<\/div>\n<\/div>\n<\/div>\n<\/aside>\n","protected":false},"excerpt":{"rendered":"<p>Con el objetivo de crear una Fiscal\u00eda Especializada en Desaparici\u00f3n Forzada de Personas y Desaparici\u00f3n Cometida por Particulares, garantizando su autonom\u00eda t\u00e9cnica y operativa para la investigaci\u00f3n y persecuci\u00f3n de estos delito, el diputado Luis Fernando G\u00e1mez Mac\u00edas propuso una iniciativa de reforma a\u00a0 diversos art\u00edculos de la Ley Org\u00e1nica de la Fiscal\u00eda General del [&hellip;]<\/p>\n","protected":false},"author":2,"featured_media":56277,"comment_status":"open","ping_status":"open","sticky":false,"template":"","format":"standard","meta":{"footnotes":""},"categories":[53],"tags":[],"class_list":["post-56276","post","type-post","status-publish","format-standard","has-post-thumbnail","hentry","category-congreso"],"jetpack-related-posts":[],"_links":{"self":[{"href":"https:\/\/circulorojoslp.com\/index.php?rest_route=\/wp\/v2\/posts\/56276"}],"collection":[{"href":"https:\/\/circulorojoslp.com\/index.php?rest_route=\/wp\/v2\/posts"}],"about":[{"href":"https:\/\/circulorojoslp.com\/index.php?rest_route=\/wp\/v2\/types\/post"}],"author":[{"embeddable":true,"href":"https:\/\/circulorojoslp.com\/index.php?rest_route=\/wp\/v2\/users\/2"}],"replies":[{"embeddable":true,"href":"https:\/\/circulorojoslp.com\/index.php?rest_route=%2Fwp%2Fv2%2Fcomments&post=56276"}],"version-history":[{"count":0,"href":"https:\/\/circulorojoslp.com\/index.php?rest_route=\/wp\/v2\/posts\/56276\/revisions"}],"wp:featuredmedia":[{"embeddable":true,"href":"https:\/\/circulorojoslp.com\/index.php?rest_route=\/wp\/v2\/media\/56277"}],"wp:attachment":[{"href":"https:\/\/circulorojoslp.com\/index.php?rest_route=%2Fwp%2Fv2%2Fmedia&parent=56276"}],"wp:term":[{"taxonomy":"category","embeddable":true,"href":"https:\/\/circulorojoslp.com\/index.php?rest_route=%2Fwp%2Fv2%2Fcategories&post=56276"},{"taxonomy":"post_tag","embeddable":true,"href":"https:\/\/circulorojoslp.com\/index.php?rest_route=%2Fwp%2Fv2%2Ftags&post=56276"}],"curies":[{"name":"wp","href":"https:\/\/api.w.org\/{rel}","templated":true}]}}