{"id":5539,"date":"2019-01-23T11:32:05","date_gmt":"2019-01-23T17:32:05","guid":{"rendered":"http:\/\/circulorojoslp.com\/?p=5539"},"modified":"2019-01-23T11:32:05","modified_gmt":"2019-01-23T17:32:05","slug":"las-tripas-del-sistema","status":"publish","type":"post","link":"https:\/\/circulorojoslp.com\/?p=5539","title":{"rendered":"LAS TRIPAS DEL SISTEMA"},"content":{"rendered":"<div class=\"\" data-block=\"true\" data-editor=\"kocp\" data-offset-key=\"t1jt-0-0\">\n<div class=\"_1mf _1mj\" data-offset-key=\"t1jt-0-0\"><span class=\"_5zk7\" spellcheck=\"false\" data-offset-key=\"t1jt-0-0\"><span data-offset-key=\"t1jt-0-0\">#LaMa\u00f1era<\/span><\/span> <span class=\"_5zk7\" spellcheck=\"false\" data-offset-key=\"t1jt-2-0\"><span data-offset-key=\"t1jt-2-0\">#CirculoRojo<\/span><\/span> <span class=\"_5zk7\" spellcheck=\"false\" data-offset-key=\"t1jt-4-0\"><span data-offset-key=\"t1jt-4-0\">#SLP\u00a0<\/span><\/span>+ MANUEL BARTLETT + JENARO VILLAMIL<\/div>\n<\/div>\n<div class=\"\" data-block=\"true\" data-editor=\"kocp\" data-offset-key=\"2i0mu-0-0\">\n<div class=\"_1mf _1mj\" data-offset-key=\"2i0mu-0-0\"><span data-offset-key=\"2i0mu-0-0\">\u00a0<\/span><\/div>\n<\/div>\n<div class=\"\" data-block=\"true\" data-editor=\"kocp\" data-offset-key=\"frhjt-0-0\">\n<div class=\"_1mf _1mj\" data-offset-key=\"frhjt-0-0\"><span data-offset-key=\"frhjt-0-0\">\u201cADELANTO ALGO: SE VAN A ABRIR LOS ARCHIVOS SECRETOS\u201d: AMLO<\/span><\/div>\n<\/div>\n<div class=\"\" data-block=\"true\" data-editor=\"kocp\" data-offset-key=\"caa06-0-0\">\n<div class=\"_1mf _1mj\" data-offset-key=\"caa06-0-0\"><span data-offset-key=\"caa06-0-0\">\u00a0<\/span><\/div>\n<\/div>\n<div class=\"\" data-block=\"true\" data-editor=\"kocp\" data-offset-key=\"bad3p-0-0\">\n<div class=\"_1mf _1mj\" data-offset-key=\"bad3p-0-0\"><span data-offset-key=\"bad3p-0-0\">Esta ma\u00f1ana, AMLO revel\u00f3 que est\u00e1 por firmar el documento que permita abrir los archivos secretos del antiguo r\u00e9gimen.<\/span><\/div>\n<\/div>\n<div class=\"\" data-block=\"true\" data-editor=\"kocp\" data-offset-key=\"30mqd-0-0\">\n<div class=\"_1mf _1mj\" data-offset-key=\"30mqd-0-0\"><span data-offset-key=\"30mqd-0-0\">\u00a0<\/span><\/div>\n<\/div>\n<div class=\"\" data-block=\"true\" data-editor=\"kocp\" data-offset-key=\"drr63-0-0\">\n<div class=\"_1mf _1mj\" data-offset-key=\"drr63-0-0\"><span data-offset-key=\"drr63-0-0\">Los expedientes secretos de la Direcci\u00f3n Federal de Seguridad, del CISEN, y de otros sistemas de espionaje quedar\u00edan as\u00ed al descubierto.<\/span><\/div>\n<\/div>\n<div class=\"\" data-block=\"true\" data-editor=\"kocp\" data-offset-key=\"902bg-0-0\">\n<div class=\"_1mf _1mj\" data-offset-key=\"902bg-0-0\"><span data-offset-key=\"902bg-0-0\">\u00a0<\/span><\/div>\n<\/div>\n<div class=\"\" data-block=\"true\" data-editor=\"kocp\" data-offset-key=\"4cvua-0-0\">\n<div class=\"_1mf _1mj\" data-offset-key=\"4cvua-0-0\"><span data-offset-key=\"4cvua-0-0\">Y, con ello, los mexicanos estar\u00e1n en condiciones de documentar muchas etapas oscuras en la historia del r\u00e9gimen priista; quiz\u00e1 incluso de los dos sexenios de gobiernos federales panistas.<\/span><\/div>\n<\/div>\n<div class=\"\" data-block=\"true\" data-editor=\"kocp\" data-offset-key=\"btv3f-0-0\">\n<div class=\"_1mf _1mj\" data-offset-key=\"btv3f-0-0\"><span data-offset-key=\"btv3f-0-0\">\u00a0<\/span><\/div>\n<\/div>\n<div class=\"\" data-block=\"true\" data-editor=\"kocp\" data-offset-key=\"82mka-0-0\">\n<div class=\"_1mf _1mj\" data-offset-key=\"82mka-0-0\"><span data-offset-key=\"82mka-0-0\">Ah\u00ed, en esos archivos, est\u00e1n grabaciones nunca reveladas a la opini\u00f3n p\u00fablica; as\u00ed como el seguimiento que se dio a luchadores sociales y pol\u00edticos de oposici\u00f3n, sobre todo despu\u00e9s de 1968.<\/span><\/div>\n<\/div>\n<div class=\"\" data-block=\"true\" data-editor=\"kocp\" data-offset-key=\"5gheu-0-0\">\n<div class=\"_1mf _1mj\" data-offset-key=\"5gheu-0-0\"><span data-offset-key=\"5gheu-0-0\">\u00a0<\/span><\/div>\n<\/div>\n<div class=\"\" data-block=\"true\" data-editor=\"kocp\" data-offset-key=\"9paae-0-0\">\n<div class=\"_1mf _1mj\" data-offset-key=\"9paae-0-0\"><span data-offset-key=\"9paae-0-0\">Hay gente viva, y coleando, de aquellos a\u00f1os. Uno de ellos, Manuel Bartlett D\u00edaz, hoy director de la Comisi\u00f3n Federal de Electricidad (CFE).<\/span><\/div>\n<\/div>\n<div class=\"\" data-block=\"true\" data-editor=\"kocp\" data-offset-key=\"1kdom-0-0\">\n<div class=\"_1mf _1mj\" data-offset-key=\"1kdom-0-0\"><span data-offset-key=\"1kdom-0-0\">\u00a0<\/span><\/div>\n<\/div>\n<div class=\"\" data-block=\"true\" data-editor=\"kocp\" data-offset-key=\"969kn-0-0\">\n<div class=\"_1mf _1mj\" data-offset-key=\"969kn-0-0\"><span data-offset-key=\"969kn-0-0\">Bartlett es uno de los prietitos en el gabinete de la 4\u00aa Rep\u00fablica, ya que como secretario de Gobernaci\u00f3n tuvo responsabilidad institucional en el asesinato del periodista Manuel Buend\u00eda Tellezgir\u00f3n (1984).<\/span><\/div>\n<\/div>\n<div class=\"\" data-block=\"true\" data-editor=\"kocp\" data-offset-key=\"dp29q-0-0\">\n<div class=\"_1mf _1mj\" data-offset-key=\"dp29q-0-0\"><span data-offset-key=\"dp29q-0-0\">\u00a0<\/span><\/div>\n<\/div>\n<div class=\"\" data-block=\"true\" data-editor=\"kocp\" data-offset-key=\"7st9e-0-0\">\n<div class=\"_1mf _1mj\" data-offset-key=\"7st9e-0-0\"><span data-offset-key=\"7st9e-0-0\">Por testigos protegidos en E.U., se le involucr\u00f3 tambi\u00e9n m\u00e1s all\u00e1 de lo institucional en el asesinato (1985) del agente de la DEA, Enrique Camarena Salazar.<\/span><\/div>\n<\/div>\n<div class=\"\" data-block=\"true\" data-editor=\"kocp\" data-offset-key=\"5c3ol-0-0\">\n<div class=\"_1mf _1mj\" data-offset-key=\"5c3ol-0-0\"><span data-offset-key=\"5c3ol-0-0\">Y, sin contar, su responsabilidad en el presunto fraude electoral de 1988.<\/span><\/div>\n<\/div>\n<div class=\"\" data-block=\"true\" data-editor=\"kocp\" data-offset-key=\"87vtv-0-0\">\n<div class=\"_1mf _1mj\" data-offset-key=\"87vtv-0-0\"><span data-offset-key=\"87vtv-0-0\">\u00a0<\/span><\/div>\n<\/div>\n<div class=\"\" data-block=\"true\" data-editor=\"kocp\" data-offset-key=\"512m8-0-0\">\n<div class=\"_1mf _1mj\" data-offset-key=\"512m8-0-0\"><span data-offset-key=\"512m8-0-0\">Curioso que en la conferencia ma\u00f1anera de hoy el peje-presidente mencionara al citado Manuel Buend\u00eda. Record\u00f3 al periodista con alguna frase de \u00e9ste, referente a los reporteros de provincia y el peligro que corren.<\/span><\/div>\n<\/div>\n<div class=\"\" data-block=\"true\" data-editor=\"kocp\" data-offset-key=\"7ckd9-0-0\">\n<div class=\"_1mf _1mj\" data-offset-key=\"7ckd9-0-0\"><span data-offset-key=\"7ckd9-0-0\">\u00a0<\/span><\/div>\n<\/div>\n<div class=\"\" data-block=\"true\" data-editor=\"kocp\" data-offset-key=\"6ldue-0-0\">\n<div class=\"_1mf _1mj\" data-offset-key=\"6ldue-0-0\"><span data-offset-key=\"6ldue-0-0\">De Buend\u00eda ya se revelaron algunos documentos que estaban reservados, pero falta mucho material en torno a esa \u00e9poca de Miguel de la Madrid, cuando se incub\u00f3 el huevo de la serpiente de lo que hoy es el narcotr\u00e1fico en el pa\u00eds.<\/span><\/div>\n<\/div>\n<div class=\"\" data-block=\"true\" data-editor=\"kocp\" data-offset-key=\"4p455-0-0\">\n<div class=\"_1mf _1mj\" data-offset-key=\"4p455-0-0\"><span data-offset-key=\"4p455-0-0\">\u00a0<\/span><\/div>\n<\/div>\n<div class=\"\" data-block=\"true\" data-editor=\"kocp\" data-offset-key=\"5ef6u-0-0\">\n<div class=\"_1mf _1mj\" data-offset-key=\"5ef6u-0-0\"><span data-offset-key=\"5ef6u-0-0\">\u201cAdelanto algo: se van a abrir los archivos\u2026 secretos\u2026\u201d, anunci\u00f3 de manera inesperada. <\/span><\/div>\n<\/div>\n<div class=\"\" data-block=\"true\" data-editor=\"kocp\" data-offset-key=\"bc9c9-0-0\">\n<div class=\"_1mf _1mj\" data-offset-key=\"bc9c9-0-0\"><span data-offset-key=\"bc9c9-0-0\">\u00a0<\/span><\/div>\n<\/div>\n<div class=\"\" data-block=\"true\" data-editor=\"kocp\" data-offset-key=\"7qdk-0-0\">\n<div class=\"_1mf _1mj\" data-offset-key=\"7qdk-0-0\"><span data-offset-key=\"7qdk-0-0\">\u2013 \u00bfIncluido su expediente? \u2013 se le pregunt\u00f3.<\/span><\/div>\n<\/div>\n<div class=\"\" data-block=\"true\" data-editor=\"kocp\" data-offset-key=\"4krtq-0-0\">\n<div class=\"_1mf _1mj\" data-offset-key=\"4krtq-0-0\"><span data-offset-key=\"4krtq-0-0\">\u2013 Todos. No va a haber limitaci\u00f3n.<\/span><\/div>\n<\/div>\n<div class=\"\" data-block=\"true\" data-editor=\"kocp\" data-offset-key=\"8k2rp-0-0\">\n<div class=\"_1mf _1mj\" data-offset-key=\"8k2rp-0-0\"><span data-offset-key=\"8k2rp-0-0\">\u2013 \u00bfCu\u00e1ndo?<\/span><\/div>\n<\/div>\n<div class=\"\" data-block=\"true\" data-editor=\"kocp\" data-offset-key=\"2j9mf-0-0\">\n<div class=\"_1mf _1mj\" data-offset-key=\"2j9mf-0-0\"><span data-offset-key=\"2j9mf-0-0\">\u2013 Estoy por firmar el decreto. Hab\u00eda una parte del archivo nacional del pa\u00eds reservado. No va a haber reserva. Se van a poder consultar todos los expedientes, se los adelanto.<\/span><\/div>\n<\/div>\n<div class=\"\" data-block=\"true\" data-editor=\"kocp\" data-offset-key=\"8ujas-0-0\">\n<div class=\"_1mf _1mj\" data-offset-key=\"8ujas-0-0\"><span data-offset-key=\"8ujas-0-0\">\u00a0<\/span><\/div>\n<\/div>\n<div class=\"\" data-block=\"true\" data-editor=\"kocp\" data-offset-key=\"2q653-0-0\">\n<div class=\"_1mf _1mj\" data-offset-key=\"2q653-0-0\"><span data-offset-key=\"2q653-0-0\">La ma\u00f1anera de hoy estuvo agendada al tema de los medios de comunicaci\u00f3n, al dar a conocer L\u00f3pez Obrador a quienes estar\u00e1n a cargo del sistema de radio, televisi\u00f3n y prensa escrita del gobierno federal.<\/span><\/div>\n<\/div>\n<div class=\"\" data-block=\"true\" data-editor=\"kocp\" data-offset-key=\"5rqnk-0-0\">\n<div class=\"_1mf _1mj\" data-offset-key=\"5rqnk-0-0\"><span data-offset-key=\"5rqnk-0-0\">Como titular en el Sistema P\u00fablico de Radiodifusi\u00f3n qued\u00f3 el periodista Jenaro Villamil, especialista en temas de telecomunicaci\u00f3n, colaborador de Proceso y otros medios.<\/span><\/div>\n<\/div>\n<div class=\"\" data-block=\"true\" data-editor=\"kocp\" data-offset-key=\"1kth-0-0\">\n<div class=\"_1mf _1mj\" data-offset-key=\"1kth-0-0\"><span data-offset-key=\"1kth-0-0\">\u00a0<\/span><\/div>\n<\/div>\n<div class=\"\" data-block=\"true\" data-editor=\"kocp\" data-offset-key=\"b8ruv-0-0\">\n<div class=\"_1mf _1mj\" data-offset-key=\"b8ruv-0-0\"><span data-offset-key=\"b8ruv-0-0\">Sanjuana Mart\u00ednez, aguerrida reportera de denuncia contra los abusos de personajes de la iglesia cat\u00f3lica y de pol\u00edticos corruptos, estar\u00e1 dirigiendo Notimex.<\/span><\/div>\n<\/div>\n<div class=\"\" data-block=\"true\" data-editor=\"kocp\" data-offset-key=\"a5t8c-0-0\">\n<div class=\"_1mf _1mj\" data-offset-key=\"a5t8c-0-0\"><span data-offset-key=\"a5t8c-0-0\">\u00a0<\/span><\/div>\n<\/div>\n<div class=\"\" data-block=\"true\" data-editor=\"kocp\" data-offset-key=\"4v39r-0-0\">\n<div class=\"_1mf _1mj\" data-offset-key=\"4v39r-0-0\"><span data-offset-key=\"4v39r-0-0\">En las dem\u00e1s instancias (Canal 11, 22, RTC, etc.) tambi\u00e9n quedaron otros personajes con trayectoria y prestigio dentro del \u00e1mbito de la comunicaci\u00f3n. <\/span><\/div>\n<\/div>\n<div class=\"\" data-block=\"true\" data-editor=\"kocp\" data-offset-key=\"48bl3-0-0\">\n<div class=\"_1mf _1mj\" data-offset-key=\"48bl3-0-0\"><span data-offset-key=\"48bl3-0-0\">La visi\u00f3n en torno a la libertad de expresi\u00f3n tendr\u00e1 la divisa, seg\u00fan las palabras del presidente, de que \u201cla prensa se controlar\u00e1 con la prensa\u201d. Algo similar dijo Villamil al asegurar que su funci\u00f3n ser\u00e1 la de coordinar, no la de controlar.<\/span><\/div>\n<\/div>\n<div class=\"\" data-block=\"true\" data-editor=\"kocp\" data-offset-key=\"col1b-0-0\">\n<div class=\"_1mf _1mj\" data-offset-key=\"col1b-0-0\"><span data-offset-key=\"col1b-0-0\">\u00a0<\/span><\/div>\n<\/div>\n<div class=\"\" data-block=\"true\" data-editor=\"kocp\" data-offset-key=\"9ql7q-0-0\"><\/div>\n","protected":false},"excerpt":{"rendered":"<p>#LaMa\u00f1era #CirculoRojo #SLP\u00a0+ MANUEL BARTLETT + JENARO VILLAMIL \u00a0 \u201cADELANTO ALGO: SE VAN A ABRIR LOS ARCHIVOS SECRETOS\u201d: AMLO \u00a0 Esta ma\u00f1ana, AMLO revel\u00f3 que est\u00e1 por firmar el documento que permita abrir los archivos secretos del antiguo r\u00e9gimen. \u00a0 Los expedientes secretos de la Direcci\u00f3n Federal de Seguridad, del CISEN, y de otros sistemas [&hellip;]<\/p>\n","protected":false},"author":5,"featured_media":5540,"comment_status":"open","ping_status":"open","sticky":false,"template":"","format":"standard","meta":{"footnotes":""},"categories":[3],"tags":[22],"class_list":["post-5539","post","type-post","status-publish","format-standard","has-post-thumbnail","hentry","category-nacionales","tag-principal"],"jetpack-related-posts":[],"_links":{"self":[{"href":"https:\/\/circulorojoslp.com\/index.php?rest_route=\/wp\/v2\/posts\/5539"}],"collection":[{"href":"https:\/\/circulorojoslp.com\/index.php?rest_route=\/wp\/v2\/posts"}],"about":[{"href":"https:\/\/circulorojoslp.com\/index.php?rest_route=\/wp\/v2\/types\/post"}],"author":[{"embeddable":true,"href":"https:\/\/circulorojoslp.com\/index.php?rest_route=\/wp\/v2\/users\/5"}],"replies":[{"embeddable":true,"href":"https:\/\/circulorojoslp.com\/index.php?rest_route=%2Fwp%2Fv2%2Fcomments&post=5539"}],"version-history":[{"count":1,"href":"https:\/\/circulorojoslp.com\/index.php?rest_route=\/wp\/v2\/posts\/5539\/revisions"}],"predecessor-version":[{"id":5541,"href":"https:\/\/circulorojoslp.com\/index.php?rest_route=\/wp\/v2\/posts\/5539\/revisions\/5541"}],"wp:featuredmedia":[{"embeddable":true,"href":"https:\/\/circulorojoslp.com\/index.php?rest_route=\/wp\/v2\/media\/5540"}],"wp:attachment":[{"href":"https:\/\/circulorojoslp.com\/index.php?rest_route=%2Fwp%2Fv2%2Fmedia&parent=5539"}],"wp:term":[{"taxonomy":"category","embeddable":true,"href":"https:\/\/circulorojoslp.com\/index.php?rest_route=%2Fwp%2Fv2%2Fcategories&post=5539"},{"taxonomy":"post_tag","embeddable":true,"href":"https:\/\/circulorojoslp.com\/index.php?rest_route=%2Fwp%2Fv2%2Ftags&post=5539"}],"curies":[{"name":"wp","href":"https:\/\/api.w.org\/{rel}","templated":true}]}}