{"id":5156,"date":"2019-01-02T17:50:33","date_gmt":"2019-01-02T23:50:33","guid":{"rendered":"http:\/\/circulorojoslp.com\/?p=5156"},"modified":"2019-01-02T17:50:33","modified_gmt":"2019-01-02T23:50:33","slug":"los-primeros-100-dias-del-ayuntamiento-panista-de-san-luis-potosi","status":"publish","type":"post","link":"https:\/\/circulorojoslp.com\/?p=5156","title":{"rendered":"LOS PRIMEROS 100 DIAS DEL AYUNTAMIENTO PANISTA DE SAN LUIS POTOSI"},"content":{"rendered":"<div class=\"\" data-block=\"true\" data-editor=\"7age4\" data-offset-key=\"7m9ij-0-0\">\n<div class=\"_1mf _1mj\" data-offset-key=\"7m9ij-0-0\"><span class=\"_5zk7\" spellcheck=\"false\" data-offset-key=\"7m9ij-0-0\"><span data-offset-key=\"7m9ij-0-0\">#CirculoRojo<\/span><\/span> <span class=\"_5zk7\" spellcheck=\"false\" data-offset-key=\"7m9ij-2-0\"><span data-offset-key=\"7m9ij-2-0\">#SLP<\/span><\/span> <span class=\"_5zk7\" spellcheck=\"false\" data-offset-key=\"7m9ij-4-0\"><span data-offset-key=\"7m9ij-4-0\">#LosFifis<\/span><\/span> <span class=\"_5zk7\" spellcheck=\"false\" data-offset-key=\"7m9ij-6-0\"><span data-offset-key=\"7m9ij-6-0\">#CienD\u00edasGrises<\/span><\/span> <span class=\"_5zk7\" spellcheck=\"false\" data-offset-key=\"7m9ij-8-0\"><span data-offset-key=\"7m9ij-8-0\">#RompeElSilencio &#8211;\u00a0<\/span><\/span>ENZO AUDITORE<\/div>\n<\/div>\n<div class=\"\" data-block=\"true\" data-editor=\"7age4\" data-offset-key=\"8dgur-0-0\">\n<div class=\"_1mf _1mj\" data-offset-key=\"8dgur-0-0\"><span data-offset-key=\"8dgur-0-0\">\u00a0<\/span><\/div>\n<\/div>\n<div class=\"\" data-block=\"true\" data-editor=\"7age4\" data-offset-key=\"btgon-0-0\">\n<div class=\"_1mf _1mj\" data-offset-key=\"btgon-0-0\"><span data-offset-key=\"btgon-0-0\">No cabe duda que una de las mas importantes formas de valorar el desempe\u00f1o de los gobiernos son los primeros d\u00edas de acciones o en su caso omisiones que marcar\u00e1n desde luego el devenir de lo restante de la administraci\u00f3n en Turno.<\/span><\/div>\n<\/div>\n<div class=\"\" data-block=\"true\" data-editor=\"7age4\" data-offset-key=\"hsqt-0-0\">\n<div class=\"_1mf _1mj\" data-offset-key=\"hsqt-0-0\"><span data-offset-key=\"hsqt-0-0\">\u00a0<\/span><\/div>\n<\/div>\n<div class=\"\" data-block=\"true\" data-editor=\"7age4\" data-offset-key=\"7g7fr-0-0\">\n<div class=\"_1mf _1mj\" data-offset-key=\"7g7fr-0-0\"><span data-offset-key=\"7g7fr-0-0\">En el caso del Ayuntamiento de la Capital, a cargo de los Navistas (Panistas) ha dejado mucho que desear pero sobretodo a 100 d\u00edas de su comienzo ha sido manifiesta la improvisaci\u00f3n, la falta de obra, pero sobretodo la falta de vocaci\u00f3n de gobernanza plural a todos los Potosinos.<\/span><\/div>\n<\/div>\n<div class=\"\" data-block=\"true\" data-editor=\"7age4\" data-offset-key=\"1hp3n-0-0\">\n<div class=\"_1mf _1mj\" data-offset-key=\"1hp3n-0-0\"><span data-offset-key=\"1hp3n-0-0\">\u00a0<\/span><\/div>\n<\/div>\n<div class=\"\" data-block=\"true\" data-editor=\"7age4\" data-offset-key=\"36c3h-0-0\">\n<div class=\"_1mf _1mj\" data-offset-key=\"36c3h-0-0\"><span data-offset-key=\"36c3h-0-0\">Nepotismo: Mire Usted, Un hecho que desde luego causo controversia fue que se introdujera de manera obscura y sobretodo faltando a la \u00e9tica y buen desempe\u00f1o del Ayuntamiento, la imposici\u00f3n de Primos En el primer gabinete, en los cargos de oficial Mayor y Tesorero; Hecho que fue observado y comentado en el propio cabildo como un claro desplegado de Nepotismo consentido, de todo lo cual el Se\u00f1or Alcalde, simplemente evade y no le importa que este conflicto de intereses mes con mes se consume, sino que adem\u00e1s impulso para que familiares y parientes pol\u00edticos se incorporasen a la nomina municipal sin tapujo alguno, sin duda un descaro que ofende a los potosinos.<\/span><\/div>\n<\/div>\n<div class=\"\" data-block=\"true\" data-editor=\"7age4\" data-offset-key=\"1t5ed-0-0\">\n<div class=\"_1mf _1mj\" data-offset-key=\"1t5ed-0-0\"><span data-offset-key=\"1t5ed-0-0\">\u00a0<\/span><\/div>\n<\/div>\n<div class=\"\" data-block=\"true\" data-editor=\"7age4\" data-offset-key=\"f2njp-0-0\">\n<div class=\"_1mf _1mj\" data-offset-key=\"f2njp-0-0\"><span data-offset-key=\"f2njp-0-0\">Falta de Planeaci\u00f3n: Desde el inicio de la actual administraci\u00f3n se cuestiono al Alcalde y al Secretario cuales serian las metas y objetivos del primer trimestre en el inter de la publicaci\u00f3n del (Plan Municipal de Desarrollo) PMD, y sin miramientos y casi con desfachatez ambos funcionarios dijeron que no hab\u00eda plan y menos acciones establecidas para este periodo, limit\u00e1ndose a declarar que ellos no lo necesitaban, ( y valla que a 3 meses se comprueba con hechos que en verdad no hubo planeaci\u00f3n), dando por resultado tres meses de tropiezos, Pifias, Contradicciones, Omisiones y falta de obra para la Ciudad.<\/span><\/div>\n<\/div>\n<div class=\"\" data-block=\"true\" data-editor=\"7age4\" data-offset-key=\"6gio1-0-0\">\n<div class=\"_1mf _1mj\" data-offset-key=\"6gio1-0-0\"><span data-offset-key=\"6gio1-0-0\">\u00a0<\/span><\/div>\n<\/div>\n<div class=\"\" data-block=\"true\" data-editor=\"7age4\" data-offset-key=\"arkaa-0-0\">\n<div class=\"_1mf _1mj\" data-offset-key=\"arkaa-0-0\"><span data-offset-key=\"arkaa-0-0\">Aunado a que dentro de la conformaci\u00f3n del PMD, se instauro un amparo promovido por el representante de los pueblos ind\u00edgenas con residencia en la capital, por no convocarlos y menos integrarlos en el plan. Adem\u00e1s no solo este grupo, sino que jam\u00e1s se integro a los sectores populares y grupos vulnerables del Municipio.<\/span><\/div>\n<\/div>\n<div class=\"\" data-block=\"true\" data-editor=\"7age4\" data-offset-key=\"c10og-0-0\">\n<div class=\"_1mf _1mj\" data-offset-key=\"c10og-0-0\"><span data-offset-key=\"c10og-0-0\">\u00a0<\/span><\/div>\n<\/div>\n<div class=\"\" data-block=\"true\" data-editor=\"7age4\" data-offset-key=\"109au-0-0\">\n<div class=\"_1mf _1mj\" data-offset-key=\"109au-0-0\"><span data-offset-key=\"109au-0-0\">Excusas, Pretextos e Intolerancia: Como una constante y adem\u00e1s mala estrategia de esta administraci\u00f3n ha sido aplicar a manera de \u201cMANTRA\u201d, que todo lo que paso, lo que pasa y lo que pasara, ser\u00e1 culpa de la anterior administraci\u00f3n, y en particular del anterior Alcalde. Conducta que desde el mes de Septiembre que comenz\u00f3 el proceso de entrega-recepci\u00f3n han querido usar para confundir y desinformar a la poblaci\u00f3n; Lo que no ha sido capaz de entender el Alcalde y sus funcionarios, es que esos pretextos y lamentaciones no tienen ning\u00fan sustento, es mas de las supuestas irregularidades que declararon a manera de tribunal de alzada, mas de 99% de estas son inventadas, copiadas de anteriores entregas y llegando al colmo hasta inventadas para justificar esta estrategia.<\/span><\/div>\n<\/div>\n<div class=\"\" data-block=\"true\" data-editor=\"7age4\" data-offset-key=\"472up-0-0\">\n<div class=\"_1mf _1mj\" data-offset-key=\"472up-0-0\"><span data-offset-key=\"472up-0-0\">\u00a0<\/span><\/div>\n<\/div>\n<div class=\"\" data-block=\"true\" data-editor=\"7age4\" data-offset-key=\"4cl79-0-0\">\n<div class=\"_1mf _1mj\" data-offset-key=\"4cl79-0-0\"><span data-offset-key=\"4cl79-0-0\">Adem\u00e1s todas la notificaciones fueron efectuadas a destiempo y sin sustentos jur\u00eddicos que las avalen.<\/span><\/div>\n<\/div>\n<div class=\"\" data-block=\"true\" data-editor=\"7age4\" data-offset-key=\"er79s-0-0\">\n<div class=\"_1mf _1mj\" data-offset-key=\"er79s-0-0\"><span data-offset-key=\"er79s-0-0\">Pero al momento de que se le cuestiona al Alcalde o Contralor de este Tema se molestan y contestan con evasivas demostrando no solo desconocen estos asuntos sino adem\u00e1s intolerancia ante cualquier cuestionamiento mediantico que no este a modo, en pocas palabras no aceptan criticas ni reconocen errores.<\/span><\/div>\n<\/div>\n<div class=\"\" data-block=\"true\" data-editor=\"7age4\" data-offset-key=\"6bms6-0-0\">\n<div class=\"_1mf _1mj\" data-offset-key=\"6bms6-0-0\"><span data-offset-key=\"6bms6-0-0\">\u00a0<\/span><\/div>\n<\/div>\n<div class=\"\" data-block=\"true\" data-editor=\"7age4\" data-offset-key=\"cqid5-0-0\">\n<div class=\"_1mf _1mj\" data-offset-key=\"cqid5-0-0\"><span data-offset-key=\"cqid5-0-0\">\u00a0<\/span><\/div>\n<\/div>\n<div class=\"\" data-block=\"true\" data-editor=\"7age4\" data-offset-key=\"a070m-0-0\">\n<div class=\"_1mf _1mj\" data-offset-key=\"a070m-0-0\"><span data-offset-key=\"a070m-0-0\">Defensa a ultranza de Extranjeras: Uno de los temas que mas controversia genero esta administraci\u00f3n en los primeros meses, fue sin dudas el que de manera desesperada y evidente, se volcara el personal femenino del ayuntamiento a defender a una extranjera que fue contratada por el Director de comunicaci\u00f3n social para desarrollar trabajo de dise\u00f1o e imagen. Acci\u00f3n controvertida, ya que por medios locales se anuncio la contrataci\u00f3n de esta Venezolana en un puesto clave de la direcci\u00f3n en menci\u00f3n adem\u00e1s del buen salario que le pagaban, dejando desplazadas a compatriotas nacionales que con mayor experiencia o identidad en el foro potosino, as\u00ed como prestigio y carrera, quedaran excluidas de este puesto.<\/span><\/div>\n<\/div>\n<div class=\"\" data-block=\"true\" data-editor=\"7age4\" data-offset-key=\"756p6-0-0\">\n<div class=\"_1mf _1mj\" data-offset-key=\"756p6-0-0\"><span data-offset-key=\"756p6-0-0\">\u00a0<\/span><\/div>\n<\/div>\n<div class=\"\" data-block=\"true\" data-editor=\"7age4\" data-offset-key=\"e1gab-0-0\">\n<div class=\"_1mf _1mj\" data-offset-key=\"e1gab-0-0\"><span data-offset-key=\"e1gab-0-0\">Agregando adem\u00e1s que dentro del Curriculum de esta extranjera destacara su aparici\u00f3n en una revista para caballeros, gan\u00e1ndose as\u00ed no solo la atenci\u00f3n a nivel local, sino nacional y hasta internacional.<\/span><\/div>\n<\/div>\n<div class=\"\" data-block=\"true\" data-editor=\"7age4\" data-offset-key=\"76jji-0-0\">\n<div class=\"_1mf _1mj\" data-offset-key=\"76jji-0-0\"><span data-offset-key=\"76jji-0-0\">\u00a0<\/span><\/div>\n<\/div>\n<div class=\"\" data-block=\"true\" data-editor=\"7age4\" data-offset-key=\"8ggk0-0-0\">\n<div class=\"_1mf _1mj\" data-offset-key=\"8ggk0-0-0\"><span data-offset-key=\"8ggk0-0-0\">Todo esto genero una respuesta tard\u00eda y fuera de toda l\u00f3gica de justificaci\u00f3n y adem\u00e1s defendiendo a una extrajera anteponiendo a las mexicanas que laboraban en esta dependencia, ya que a la semana de esta campa\u00f1a de no violencia contra mujeres despiden a 5 trabajadoras Potosinas de comunicaci\u00f3n social sin una justificaci\u00f3n. Evidente es que no hay congruencia ni respeto para las trabajadoras del Ayuntamiento. <\/span><\/div>\n<\/div>\n<div class=\"\" data-block=\"true\" data-editor=\"7age4\" data-offset-key=\"fhjl-0-0\">\n<div class=\"_1mf _1mj\" data-offset-key=\"fhjl-0-0\"><span data-offset-key=\"fhjl-0-0\">\u00a0<\/span><\/div>\n<\/div>\n<div class=\"\" data-block=\"true\" data-editor=\"7age4\" data-offset-key=\"e2b2b-0-0\">\n<div class=\"_1mf _1mj\" data-offset-key=\"e2b2b-0-0\"><span data-offset-key=\"e2b2b-0-0\">\u00a0<\/span><\/div>\n<\/div>\n<div class=\"\" data-block=\"true\" data-editor=\"7age4\" data-offset-key=\"6d0k9-0-0\">\n<div class=\"_1mf _1mj\" data-offset-key=\"6d0k9-0-0\"><span data-offset-key=\"6d0k9-0-0\">Incremento a las tarifas del Agua: No contento con las omisiones, inseguridad y falta de obra, Xavier Nava decide solicitar al congreso del Estado un incremento del 40% a las tarifas de agua en la ciudad, el simple hecho ya de un aumento es complicado, pero mas el porcentaje desmedido y falto de realidad de 40%, es un descaro, intentona que deja claro a los potosinos que esta administraci\u00f3n no le interesa ni las clases vulnerables, ni la econom\u00eda del pueblo y mucho menos planear estrategias de rescate y gesti\u00f3n del INTERAPAS, solo le interesa el negocio y lesionar al bolsillo; Casi lo logran, pero por este a\u00f1o 2019 no ser\u00e1; lo que si es claro es que esta administraci\u00f3n no quitar\u00e1 el dedo del rengl\u00f3n para el 2020.<\/span><\/div>\n<\/div>\n<div class=\"\" data-block=\"true\" data-editor=\"7age4\" data-offset-key=\"8g6t5-0-0\">\n<div class=\"_1mf _1mj\" data-offset-key=\"8g6t5-0-0\"><span data-offset-key=\"8g6t5-0-0\">\u00a0<\/span><\/div>\n<\/div>\n<div class=\"\" data-block=\"true\" data-editor=\"7age4\" data-offset-key=\"59aki-0-0\">\n<div class=\"_1mf _1mj\" data-offset-key=\"59aki-0-0\"><span data-offset-key=\"59aki-0-0\">En tan solo 100 d\u00edas de gesti\u00f3n, o mas bien de caos e improvisaci\u00f3n, se vislumbra un a\u00f1o 2019 de la administraci\u00f3n del Ayuntamiento de la Capital complejo, sin rumbo, pero sobretodo se ve a un Alcalde intolerante, falto de oficio, con ausencia de obra, con mayor \u00edndice de inseguridad, y a sus funcionarios distantes de la ciudadan\u00eda sin orden ni control, definitivamente un Ayuntamiento Surreal y alejado de la ciudadan\u00eda. <\/span><\/div>\n<\/div>\n<div class=\"\" data-block=\"true\" data-editor=\"7age4\" data-offset-key=\"cvntf-0-0\">\n<div class=\"_1mf _1mj\" data-offset-key=\"cvntf-0-0\"><span data-offset-key=\"cvntf-0-0\">\u00a0<\/span><\/div>\n<\/div>\n<div class=\"\" data-block=\"true\" data-editor=\"7age4\" data-offset-key=\"1m6e4-0-0\"><\/div>\n","protected":false},"excerpt":{"rendered":"<p>#CirculoRojo #SLP #LosFifis #CienD\u00edasGrises #RompeElSilencio &#8211;\u00a0ENZO AUDITORE \u00a0 No cabe duda que una de las mas importantes formas de valorar el desempe\u00f1o de los gobiernos son los primeros d\u00edas de acciones o en su caso omisiones que marcar\u00e1n desde luego el devenir de lo restante de la administraci\u00f3n en Turno. \u00a0 En el caso del [&hellip;]<\/p>\n","protected":false},"author":5,"featured_media":5157,"comment_status":"open","ping_status":"open","sticky":false,"template":"","format":"standard","meta":{"footnotes":""},"categories":[20],"tags":[22],"class_list":["post-5156","post","type-post","status-publish","format-standard","has-post-thumbnail","hentry","category-opinion","tag-principal"],"jetpack-related-posts":[],"_links":{"self":[{"href":"https:\/\/circulorojoslp.com\/index.php?rest_route=\/wp\/v2\/posts\/5156"}],"collection":[{"href":"https:\/\/circulorojoslp.com\/index.php?rest_route=\/wp\/v2\/posts"}],"about":[{"href":"https:\/\/circulorojoslp.com\/index.php?rest_route=\/wp\/v2\/types\/post"}],"author":[{"embeddable":true,"href":"https:\/\/circulorojoslp.com\/index.php?rest_route=\/wp\/v2\/users\/5"}],"replies":[{"embeddable":true,"href":"https:\/\/circulorojoslp.com\/index.php?rest_route=%2Fwp%2Fv2%2Fcomments&post=5156"}],"version-history":[{"count":1,"href":"https:\/\/circulorojoslp.com\/index.php?rest_route=\/wp\/v2\/posts\/5156\/revisions"}],"predecessor-version":[{"id":5158,"href":"https:\/\/circulorojoslp.com\/index.php?rest_route=\/wp\/v2\/posts\/5156\/revisions\/5158"}],"wp:featuredmedia":[{"embeddable":true,"href":"https:\/\/circulorojoslp.com\/index.php?rest_route=\/wp\/v2\/media\/5157"}],"wp:attachment":[{"href":"https:\/\/circulorojoslp.com\/index.php?rest_route=%2Fwp%2Fv2%2Fmedia&parent=5156"}],"wp:term":[{"taxonomy":"category","embeddable":true,"href":"https:\/\/circulorojoslp.com\/index.php?rest_route=%2Fwp%2Fv2%2Fcategories&post=5156"},{"taxonomy":"post_tag","embeddable":true,"href":"https:\/\/circulorojoslp.com\/index.php?rest_route=%2Fwp%2Fv2%2Ftags&post=5156"}],"curies":[{"name":"wp","href":"https:\/\/api.w.org\/{rel}","templated":true}]}}