{"id":49934,"date":"2025-05-26T16:20:36","date_gmt":"2025-05-26T22:20:36","guid":{"rendered":"https:\/\/circulorojoslp.com\/?p=49934"},"modified":"2025-05-26T16:20:36","modified_gmt":"2025-05-26T22:20:36","slug":"cnte-rechaza-acusacion-de-sheinbaum-de-actuar-como-la-derecha-afirma-no-tener-vinculos-partidistas","status":"publish","type":"post","link":"https:\/\/circulorojoslp.com\/?p=49934","title":{"rendered":"CNTE rechaza acusaci\u00f3n de Sheinbaum de actuar como \u201cla derecha\u201d; afirma no tener v\u00ednculos partidistas"},"content":{"rendered":"<p>Integrantes de la\u00a0Coordinadora Nacional de Trabajadores de la Educaci\u00f3n\u00a0(CNTE) que se manifiestan en las instalaciones del\u00a0INE, rechazaron las declaraciones de la presidenta\u00a0Claudia Sheinbaum, quien se\u00f1al\u00f3 que act\u00faan como \u201cla derecha\u201d; afirmaron que no est\u00e1n vinculados a ning\u00fan partido pol\u00edtico y exigieron respeto.<\/p>\n<p>\u201cLas secciones sindicales son organizaciones fuera de partidos pol\u00edticos. Nosotros no compartimos ninguna visi\u00f3n de los partidos pol\u00edticos. Que nos respeten, esto es una decisi\u00f3n independiente, nada tienen que ver los partidos\u201d, sostuvo el maestro Ernesto Ram\u00edrez, de la Comisi\u00f3n Pol\u00edtica Estatal de la secci\u00f3n 14.<br \/>\nEn las inmediaciones del INE hay maestros de Guerrero y Zacatecas, quienes se\u00f1alaron que valorar\u00e1n permanecer hasta la\u00a0jornada electoral, dependiendo de la respuesta de la presidenta Sheinbaum.<br \/>\nLee tambi\u00e9n\u00a0Movilizaciones de la CNTE en CDMX; Sigue aqu\u00ed el minuto por minuto hoy, lunes 26 de mayo<br \/>\nEl maestro Zenem, tambi\u00e9n de la secci\u00f3n 14, expuso que \u201ctodo va a depender de la voluntad de la Presidenta\u201d, al ser cuestionado sobre la permanencia de la manifestaci\u00f3n en el INE.<\/p>\n<p>Se\u00f1alaron que las manifestaciones en distintos puntos de la\u00a0Ciudad de M\u00e9xico\u00a0y 28 estados del pa\u00eds son una medida de presi\u00f3n para tener una audiencia con la mandataria.<br \/>\nExpusieron que sus exigencias solo pueden ser resueltas por la Presidenta, no por el secretario de Educaci\u00f3n,\u00a0Mario Delgado\u00a0ni la secretaria de Gobernaci\u00f3n,\u00a0Rosa Isela Rodr\u00edguez.<\/p>\n<p>CNTE condiciona fin del paro a reuni\u00f3n con Sheinbaum<br \/>\nEn conferencia de prensa frente a\u00a0Televisa, donde se realiz\u00f3 una protesta por el manejo de la informaci\u00f3n del paro magisterial en los medios de comunicaci\u00f3n, el dirigente de la secci\u00f3n 9 de la Ciudad de M\u00e9xico, Pedro Hern\u00e1ndez Morales, aclar\u00f3 que no est\u00e1 previsto en la agenda de\u00a0movilizaciones del magisterio\u00a0mantener sus acciones de protesta hasta el 1 de junio.<br \/>\n\u201cNo hemos declarado el\u00a0boicot, que significar\u00eda buscar\u00a0anular una elecci\u00f3n de un Poder Judicial\u00a0que reconocemos todos como corrompido, como una situaci\u00f3n que requiere un cambio profundo. Tenemos nuestra propia opini\u00f3n sobre este proceso que se va a desarrollar en los pr\u00f3ximos d\u00edas. Dentro de nuestro plan de acci\u00f3n que vamos resolviendo conforme van d\u00e1ndose o no las respuestas, no est\u00e1 ya trazada alguna situaci\u00f3n sobre el primero de junio, tambi\u00e9n lo queremos dejar claro\u201d, subray\u00f3.<br \/>\nPedro Hern\u00e1ndez advirti\u00f3 que la\u00a0suspensi\u00f3n del paro\u00a0y de las movilizaciones de protesta depender\u00e1 de la presidenta Claudia Sheinbaum, a quien emplaz\u00f3 a reactivar la reuni\u00f3n que cancel\u00f3 el viernes pasado para que les d\u00e9 una respuesta a sus demandas.<br \/>\nDijo que no aceptar\u00e1n volver a reunirse con los secretarios de Gobernaci\u00f3n,\u00a0Rosa Icela Rodr\u00edguez, y Educaci\u00f3n,\u00a0Mario Delgado, si ellos no tienen poder de resoluci\u00f3n.<br \/>\n\u201cPor lo tanto, nuestra posici\u00f3n sigue siendo la exigencia de la reactivaci\u00f3n de la mesa con la presidenta. Nos parece que la cancelaci\u00f3n que hicieron la semana pasada nos lleva a que esta huelga, este paro, contin\u00fae. Si no hay respuesta, como hemos dicho enf\u00e1ticamente, seguir\u00e1 el plant\u00f3n, seguir\u00e1 la huelga. Si llega el primero de junio, pues hay una responsabilidad del otro lado, no de este lado\u201d, advirti\u00f3.<br \/>\nSostuvo que lo que se requiere es disposici\u00f3n del gobierno federal para establecer los mecanismos, las formas, el di\u00e1logo para resolver las demandas y particularmente la demanda principal, que es la\u00a0abrogaci\u00f3n de la Ley del ISSSTE de 2007.<\/p>\n<p>Aclar\u00f3 que la CNTE no est\u00e1 por el todo o nada, sino en una postura de negociar y llegar a un punto medio. Por \u00faltimo, expreso la voluntad de la CNTE de reanudar las actividades escolares lo m\u00e1s pronto posible para no afectar a los estudiantes y no alterar el calendario lectivo.<br \/>\nEl dirigente de la CNTE en Chiapas, Isael Gonz\u00e1lez, rechaz\u00f3 las acusaciones de la presidenta Sheinbaum en el sentido de que la disidencia magisterial ha adoptado posturas cercanas a la derecha.<br \/>\n\u201cNo nos pueden asociar con los priistas y panistas, un mont\u00f3n de sinverg\u00fcenzas, por el hecho del primero de junio. Gobierne quien gobierne los derechos los defendemos, estuvo el PRI y el PAN y han estado much\u00edsimas lacras en el poder y la CNTE tiene vigencia. Lo que no es correcto es que adopten el mismo esquema de denostaci\u00f3n del movimiento, porque los gobiernos anteriores los priistas y panistas dec\u00edan que \u00e9ramos comunistas, que \u00e9ramos terroristas y un mont\u00f3n de acusaciones, y ahora dicen que los de la CNTE vamos a fortalecer a la ultraderecha y que recibimos orientaci\u00f3n y hasta financiamiento de ellos. P\u00f3nganse de acuerdo, gobierno\u201d, se\u00f1al\u00f3.<\/p>\n<p>El l\u00edder magisterial chiapaneco dijo que al gobierno le debe quedar \u201cmuy clarito que estamos pidiendo respuesta concreta, capacidad resolutiva, \u00bfy qui\u00e9n tiene capacidad resolutiva?, la tiene la presidenta, no su gabinete. Por eso estamos pidiendo que se restablezca la negociaci\u00f3n con ella, no debe evadir su responsabilidad\u201d.<\/p>\n","protected":false},"excerpt":{"rendered":"<p>Integrantes de la\u00a0Coordinadora Nacional de Trabajadores de la Educaci\u00f3n\u00a0(CNTE) que se manifiestan en las instalaciones del\u00a0INE, rechazaron las declaraciones de la presidenta\u00a0Claudia Sheinbaum, quien se\u00f1al\u00f3 que act\u00faan como \u201cla derecha\u201d; afirmaron que no est\u00e1n vinculados a ning\u00fan partido pol\u00edtico y exigieron respeto. \u201cLas secciones sindicales son organizaciones fuera de partidos pol\u00edticos. Nosotros no compartimos ninguna [&hellip;]<\/p>\n","protected":false},"author":8,"featured_media":49935,"comment_status":"closed","ping_status":"closed","sticky":false,"template":"","format":"standard","meta":{"footnotes":""},"categories":[55],"tags":[],"class_list":["post-49934","post","type-post","status-publish","format-standard","has-post-thumbnail","hentry","category-nacional"],"jetpack-related-posts":[],"_links":{"self":[{"href":"https:\/\/circulorojoslp.com\/index.php?rest_route=\/wp\/v2\/posts\/49934"}],"collection":[{"href":"https:\/\/circulorojoslp.com\/index.php?rest_route=\/wp\/v2\/posts"}],"about":[{"href":"https:\/\/circulorojoslp.com\/index.php?rest_route=\/wp\/v2\/types\/post"}],"author":[{"embeddable":true,"href":"https:\/\/circulorojoslp.com\/index.php?rest_route=\/wp\/v2\/users\/8"}],"replies":[{"embeddable":true,"href":"https:\/\/circulorojoslp.com\/index.php?rest_route=%2Fwp%2Fv2%2Fcomments&post=49934"}],"version-history":[{"count":0,"href":"https:\/\/circulorojoslp.com\/index.php?rest_route=\/wp\/v2\/posts\/49934\/revisions"}],"wp:featuredmedia":[{"embeddable":true,"href":"https:\/\/circulorojoslp.com\/index.php?rest_route=\/wp\/v2\/media\/49935"}],"wp:attachment":[{"href":"https:\/\/circulorojoslp.com\/index.php?rest_route=%2Fwp%2Fv2%2Fmedia&parent=49934"}],"wp:term":[{"taxonomy":"category","embeddable":true,"href":"https:\/\/circulorojoslp.com\/index.php?rest_route=%2Fwp%2Fv2%2Fcategories&post=49934"},{"taxonomy":"post_tag","embeddable":true,"href":"https:\/\/circulorojoslp.com\/index.php?rest_route=%2Fwp%2Fv2%2Ftags&post=49934"}],"curies":[{"name":"wp","href":"https:\/\/api.w.org\/{rel}","templated":true}]}}