{"id":49932,"date":"2025-05-26T16:18:46","date_gmt":"2025-05-26T22:18:46","guid":{"rendered":"https:\/\/circulorojoslp.com\/?p=49932"},"modified":"2025-05-26T16:18:46","modified_gmt":"2025-05-26T22:18:46","slug":"anabel-hernandez-acusa-a-harfuch-de-presumir-golpes-al-narco-falsos","status":"publish","type":"post","link":"https:\/\/circulorojoslp.com\/?p=49932","title":{"rendered":"Anabel Hern\u00e1ndez acusa a Harfuch de presumir golpes al narco falsos"},"content":{"rendered":"<p>El 9 de abril de 2025,\u00a0Omar Garc\u00eda Harfuch, actual secretario de Seguridad y Protecci\u00f3n Ciudadana del gobierno federal, inform\u00f3 p\u00fablicamente sobre un decomiso relevante en la lucha contra el narcotr\u00e1fico: 250 litros de supuesta\u00a0hero\u00edna l\u00edquida\u00a0incautados en G\u00f3mez Palacio, Durango.<\/p>\n<p>Sin embargo, una investigaci\u00f3n publicada por la\u00a0periodista Anabel Hern\u00e1ndez\u00a0en\u00a0DW\u00a0se\u00f1ala que los peritajes realizados por la Fiscal\u00eda General de la Rep\u00fablica (FGR) no encontraron presencia de drogas en la sustancia asegurada.<br \/>\n\u00bfOmar Garc\u00eda Harfuch miente?<br \/>\nSeg\u00fan el expediente\u00a0FED\/DGO\/0000340\/2025, la Polic\u00eda Federal Ministerial (PFM) detuvo ese d\u00eda a un hombre originario de Navolato, Sinaloa, identificado como\u00a0Jos\u00e9 Luis F.,\u00a0quien conduc\u00eda un tractocami\u00f3n cargado con elotes. La detenci\u00f3n se bas\u00f3 en una denuncia an\u00f3nima, en la que se indicaba que el veh\u00edculo\u00a0transportaba droga y armas\u00a0desde Sinaloa hacia Ciudad Ju\u00e1rez.<br \/>\nLos\u00a0agentes, que seg\u00fan el expediente viajaban en camionetas sin placas oficiales ni uniformes visibles, ordenaron detener el veh\u00edculo y, tras una inspecci\u00f3n visual y olfativa, concluyeron que el contenido de uno de los tanques correspond\u00eda a\u00a0hero\u00edna l\u00edquida.\u00a0La sustancia fue trasladada en bidones a las instalaciones de la\u00a0FGR en Durango, y el conductor qued\u00f3 bajo arresto.<\/p>\n<p>No obstante, seg\u00fan\u00a0Anabel Hern\u00e1ndez, los dict\u00e1menes periciales realizados tanto en Durango como en Sinaloa concluyeron que la sustancia no correspond\u00eda a\u00a0ning\u00fan tipo de estupefaciente, sino a una mezcla de hidrocarburos. A pesar de ello, el operativo fue difundido como un\u00a0logro en materia de seguridad por parte de Garc\u00eda Harfuch, quien public\u00f3 en sus redes sociales fotograf\u00edas y mensajes al respecto.<br \/>\nInconsistencias en el procedimiento<br \/>\nDe acuerdo con la investigaci\u00f3n period\u00edstica, la\u00a0denuncia an\u00f3nima\u00a0que dio origen al operativo no ten\u00eda fecha ni nombre del denunciante, y el acta de puesta a disposici\u00f3n se elabor\u00f3 con informaci\u00f3n basada \u00fanicamente en \u201cla experiencia\u201d de los\u00a0agentes. Adem\u00e1s, el contenido asegurado nunca fue identificado con precisi\u00f3n en el momento de la\u00a0detenci\u00f3n.<\/p>\n<p>Hern\u00e1ndez se\u00f1ala que estos elementos, sumados a la contradicci\u00f3n entre lo informado p\u00fablicamente y lo que establecen los\u00a0documentos oficiales, apuntan a una posible simulaci\u00f3n en la presentaci\u00f3n de resultados en\u00a0materia de seguridad.<br \/>\nRespuesta institucional y contexto pol\u00edtico<br \/>\nHasta el momento,\u00a0ni Garc\u00eda Harfuch ni la FGR\u00a0han emitido comentarios p\u00fablicos sobre las conclusiones de los peritajes. La falta de una correcci\u00f3n oficial o rectificaci\u00f3n sobre el caso ha generado cuestionamientos en torno a la veracidad de otras cifras y operativos difundidos como parte de la\u00a0estrategia federal de seguridad.<br \/>\nCabe destacar que\u00a0Garc\u00eda Harfuch\u00a0ha sido uno de los principales operadores en temas de seguridad tanto en el gobierno de la Ciudad de M\u00e9xico como ahora en el\u00a0gabinete de Claudia Sheinbaum. Su nombre ha sido mencionado como una figura clave en la continuidad de la pol\u00edtica de seguridad del actual gobierno.<\/p>\n","protected":false},"excerpt":{"rendered":"<p>El 9 de abril de 2025,\u00a0Omar Garc\u00eda Harfuch, actual secretario de Seguridad y Protecci\u00f3n Ciudadana del gobierno federal, inform\u00f3 p\u00fablicamente sobre un decomiso relevante en la lucha contra el narcotr\u00e1fico: 250 litros de supuesta\u00a0hero\u00edna l\u00edquida\u00a0incautados en G\u00f3mez Palacio, Durango. Sin embargo, una investigaci\u00f3n publicada por la\u00a0periodista Anabel Hern\u00e1ndez\u00a0en\u00a0DW\u00a0se\u00f1ala que los peritajes realizados por la Fiscal\u00eda [&hellip;]<\/p>\n","protected":false},"author":8,"featured_media":49933,"comment_status":"closed","ping_status":"closed","sticky":false,"template":"","format":"standard","meta":{"footnotes":""},"categories":[55],"tags":[],"class_list":["post-49932","post","type-post","status-publish","format-standard","has-post-thumbnail","hentry","category-nacional"],"jetpack-related-posts":[],"_links":{"self":[{"href":"https:\/\/circulorojoslp.com\/index.php?rest_route=\/wp\/v2\/posts\/49932"}],"collection":[{"href":"https:\/\/circulorojoslp.com\/index.php?rest_route=\/wp\/v2\/posts"}],"about":[{"href":"https:\/\/circulorojoslp.com\/index.php?rest_route=\/wp\/v2\/types\/post"}],"author":[{"embeddable":true,"href":"https:\/\/circulorojoslp.com\/index.php?rest_route=\/wp\/v2\/users\/8"}],"replies":[{"embeddable":true,"href":"https:\/\/circulorojoslp.com\/index.php?rest_route=%2Fwp%2Fv2%2Fcomments&post=49932"}],"version-history":[{"count":0,"href":"https:\/\/circulorojoslp.com\/index.php?rest_route=\/wp\/v2\/posts\/49932\/revisions"}],"wp:featuredmedia":[{"embeddable":true,"href":"https:\/\/circulorojoslp.com\/index.php?rest_route=\/wp\/v2\/media\/49933"}],"wp:attachment":[{"href":"https:\/\/circulorojoslp.com\/index.php?rest_route=%2Fwp%2Fv2%2Fmedia&parent=49932"}],"wp:term":[{"taxonomy":"category","embeddable":true,"href":"https:\/\/circulorojoslp.com\/index.php?rest_route=%2Fwp%2Fv2%2Fcategories&post=49932"},{"taxonomy":"post_tag","embeddable":true,"href":"https:\/\/circulorojoslp.com\/index.php?rest_route=%2Fwp%2Fv2%2Ftags&post=49932"}],"curies":[{"name":"wp","href":"https:\/\/api.w.org\/{rel}","templated":true}]}}