{"id":4985,"date":"2018-12-15T14:33:49","date_gmt":"2018-12-15T20:33:49","guid":{"rendered":"http:\/\/circulorojoslp.com\/?p=4985"},"modified":"2018-12-15T14:33:49","modified_gmt":"2018-12-15T20:33:49","slug":"texteando","status":"publish","type":"post","link":"https:\/\/circulorojoslp.com\/?p=4985","title":{"rendered":"TEXTEANDO"},"content":{"rendered":"<div class=\"\" data-block=\"true\" data-editor=\"c9o5i\" data-offset-key=\"bsodd-0-0\">\n<div class=\"_1mf _1mj\" data-offset-key=\"bsodd-0-0\"><span class=\"_5zk7\" spellcheck=\"false\" data-offset-key=\"bsodd-0-0\"><span data-offset-key=\"bsodd-0-0\">#CirculoRojo<\/span><\/span> <span class=\"_5zk7\" spellcheck=\"false\" data-offset-key=\"bsodd-2-0\"><span data-offset-key=\"bsodd-2-0\">#Columna<\/span><\/span> <span class=\"_5zk7\" spellcheck=\"false\" data-offset-key=\"bsodd-4-0\"><span data-offset-key=\"bsodd-4-0\">#ParaQueTeEnteres &#8211;\u00a0<\/span><\/span>Comisi\u00f3n del Agua<\/div>\n<\/div>\n<div class=\"\" data-block=\"true\" data-editor=\"c9o5i\" data-offset-key=\"d3450-0-0\">\n<div class=\"_1mf _1mj\" data-offset-key=\"d3450-0-0\">Bien har\u00edan el alcalde Nava y el gobernador Carreras cabildear para que releven al diputado Mario L\u00e1rraga de la presidencia de la Comisi\u00f3n del Agua del Congreso del Estado, fue un fiasco, sin duda har\u00edan un mejor papel los dirigentes de la Canacintra y Canaco, que est\u00e1n que truenan de coraje porque no se aument\u00f3 la tarifa de agua, como si fueran tan cumplidos.<\/div>\n<\/div>\n<div class=\"\" data-block=\"true\" data-editor=\"c9o5i\" data-offset-key=\"bahi5-0-0\">\n<div class=\"_1mf _1mj\" data-offset-key=\"bahi5-0-0\"><span data-offset-key=\"bahi5-0-0\">\u00a0<\/span><\/div>\n<\/div>\n<div class=\"\" data-block=\"true\" data-editor=\"c9o5i\" data-offset-key=\"4jjf7-0-0\">\n<div class=\"_1mf _1mj\" data-offset-key=\"4jjf7-0-0\"><span data-offset-key=\"4jjf7-0-0\">Cabildo de Azuara<\/span><\/div>\n<\/div>\n<div class=\"\" data-block=\"true\" data-editor=\"c9o5i\" data-offset-key=\"5ngfm-0-0\">\n<div class=\"_1mf _1mj\" data-offset-key=\"5ngfm-0-0\"><span data-offset-key=\"5ngfm-0-0\">El diputado federal panista, Xavier Azuara Z\u00fa\u00f1iga, no conforme con prolongar su periodo como dirigente estatal con el abogado Juan Francisco Aguilar, sigue metiendo mano en el Cabildo de Xavier Nava al echar fuera al regidor V\u00edctor Hugo Briones, quien pidi\u00f3 licencia, para que entrara Cristian Azuara, nada menos que pariente muy cercano al legislador, quien ya tiene, entre otras piezas, a Karina Benavides pero que de poco le sirve por su inexperiencia y aparente inocencia pol\u00edtica.<\/span><\/div>\n<\/div>\n<div class=\"\" data-block=\"true\" data-editor=\"c9o5i\" data-offset-key=\"420d9-0-0\">\n<div class=\"_1mf _1mj\" data-offset-key=\"420d9-0-0\"><span data-offset-key=\"420d9-0-0\">\u00a0<\/span><\/div>\n<\/div>\n<div class=\"\" data-block=\"true\" data-editor=\"c9o5i\" data-offset-key=\"2p6h7-0-0\">\n<div class=\"_1mf _1mj\" data-offset-key=\"2p6h7-0-0\"><span data-offset-key=\"2p6h7-0-0\">Otro esc\u00e1ndalo en puerta<\/span><\/div>\n<\/div>\n<div class=\"\" data-block=\"true\" data-editor=\"c9o5i\" data-offset-key=\"efocn-0-0\">\n<div class=\"_1mf _1mj\" data-offset-key=\"efocn-0-0\"><span data-offset-key=\"efocn-0-0\">Ya se le viene encima otra bronca al alcalde Nava por el desaseo con que ha manejado la designaci\u00f3n del titular de la Coordinaci\u00f3n de Derechos Humanos, ya se vio que la terna que present\u00f3 su primo y reportero Jaime Nava, nom\u00e1s no convenci\u00f3 a nadie. Ya se preparan varias denuncias de aspirantes excluidos en contra del alcalde y la Comisi\u00f3n de Derechos Humanos. <\/span><\/div>\n<\/div>\n<div class=\"\" data-block=\"true\" data-editor=\"c9o5i\" data-offset-key=\"cn5oh-0-0\">\n<div class=\"_1mf _1mj\" data-offset-key=\"cn5oh-0-0\"><span data-offset-key=\"cn5oh-0-0\">\u00a0<\/span><\/div>\n<\/div>\n<div class=\"\" data-block=\"true\" data-editor=\"c9o5i\" data-offset-key=\"87qpt-0-0\">\n<div class=\"_1mf _1mj\" data-offset-key=\"87qpt-0-0\"><span data-offset-key=\"87qpt-0-0\">\u00bfCastrillo para la Instancia Municipal de la Mujer?<\/span><\/div>\n<\/div>\n<div class=\"\" data-block=\"true\" data-editor=\"c9o5i\" data-offset-key=\"9fr90-0-0\">\n<div class=\"_1mf _1mj\" data-offset-key=\"9fr90-0-0\"><span data-offset-key=\"9fr90-0-0\">Luego de que se defendi\u00f3 con todo el aparato municipal a la playmate venezolana en funciones de dise\u00f1adora en Comunicaci\u00f3n Social, Mar\u00eda Fernanda Castrillo, como v\u00edctima de misoginia y xenofobia, no estar\u00eda mal que la pusieran mejor al frente de la Instancia Municipal de la Mujer que est\u00e1 ac\u00e9fala, adem\u00e1s ganar\u00eda un mejor sueldo que los 12 mil pesos mensuales que dicen que gana ahora.<\/span><\/div>\n<\/div>\n<div class=\"\" data-block=\"true\" data-editor=\"c9o5i\" data-offset-key=\"31skn-0-0\">\n<div class=\"_1mf _1mj\" data-offset-key=\"31skn-0-0\"><span data-offset-key=\"31skn-0-0\">\u00a0<\/span><\/div>\n<\/div>\n<div class=\"\" data-block=\"true\" data-editor=\"c9o5i\" data-offset-key=\"2qfid-0-0\">\n<div class=\"_1mf _1mj\" data-offset-key=\"2qfid-0-0\"><span data-offset-key=\"2qfid-0-0\">La maldici\u00f3n de El Buki <\/span><\/div>\n<\/div>\n<div class=\"\" data-block=\"true\" data-editor=\"c9o5i\" data-offset-key=\"fpg1m-0-0\">\n<div class=\"_1mf _1mj\" data-offset-key=\"fpg1m-0-0\"><span data-offset-key=\"fpg1m-0-0\">El cantautor michoacano no termina de superar la maldici\u00f3n de las tierras potosinas, desde aquel incidente del \u201cmoche\u201d del Teatro del Pueblo, ahora cancel\u00f3 el concierto previsto para este s\u00e1bado 15 de diciembre \u201cpor causas de fuerza mayor\u201d; la nueva fecha de su presentaci\u00f3n ser\u00eda hasta 9 de febrero del 2019.<\/span><\/div>\n<\/div>\n","protected":false},"excerpt":{"rendered":"<p>#CirculoRojo #Columna #ParaQueTeEnteres &#8211;\u00a0Comisi\u00f3n del Agua Bien har\u00edan el alcalde Nava y el gobernador Carreras cabildear para que releven al diputado Mario L\u00e1rraga de la presidencia de la Comisi\u00f3n del Agua del Congreso del Estado, fue un fiasco, sin duda har\u00edan un mejor papel los dirigentes de la Canacintra y Canaco, que est\u00e1n que truenan [&hellip;]<\/p>\n","protected":false},"author":5,"featured_media":4986,"comment_status":"open","ping_status":"open","sticky":false,"template":"","format":"standard","meta":{"footnotes":""},"categories":[20],"tags":[22],"class_list":["post-4985","post","type-post","status-publish","format-standard","has-post-thumbnail","hentry","category-opinion","tag-principal"],"jetpack-related-posts":[],"_links":{"self":[{"href":"https:\/\/circulorojoslp.com\/index.php?rest_route=\/wp\/v2\/posts\/4985"}],"collection":[{"href":"https:\/\/circulorojoslp.com\/index.php?rest_route=\/wp\/v2\/posts"}],"about":[{"href":"https:\/\/circulorojoslp.com\/index.php?rest_route=\/wp\/v2\/types\/post"}],"author":[{"embeddable":true,"href":"https:\/\/circulorojoslp.com\/index.php?rest_route=\/wp\/v2\/users\/5"}],"replies":[{"embeddable":true,"href":"https:\/\/circulorojoslp.com\/index.php?rest_route=%2Fwp%2Fv2%2Fcomments&post=4985"}],"version-history":[{"count":1,"href":"https:\/\/circulorojoslp.com\/index.php?rest_route=\/wp\/v2\/posts\/4985\/revisions"}],"predecessor-version":[{"id":4987,"href":"https:\/\/circulorojoslp.com\/index.php?rest_route=\/wp\/v2\/posts\/4985\/revisions\/4987"}],"wp:featuredmedia":[{"embeddable":true,"href":"https:\/\/circulorojoslp.com\/index.php?rest_route=\/wp\/v2\/media\/4986"}],"wp:attachment":[{"href":"https:\/\/circulorojoslp.com\/index.php?rest_route=%2Fwp%2Fv2%2Fmedia&parent=4985"}],"wp:term":[{"taxonomy":"category","embeddable":true,"href":"https:\/\/circulorojoslp.com\/index.php?rest_route=%2Fwp%2Fv2%2Fcategories&post=4985"},{"taxonomy":"post_tag","embeddable":true,"href":"https:\/\/circulorojoslp.com\/index.php?rest_route=%2Fwp%2Fv2%2Ftags&post=4985"}],"curies":[{"name":"wp","href":"https:\/\/api.w.org\/{rel}","templated":true}]}}