{"id":49712,"date":"2025-05-08T21:41:32","date_gmt":"2025-05-09T03:41:32","guid":{"rendered":"https:\/\/circulorojoslp.com\/?p=49712"},"modified":"2025-05-08T21:41:32","modified_gmt":"2025-05-09T03:41:32","slug":"eleccion-judicial-el-ine-rechaza-bajar-a-candidatos-ligados-al-narco-o-mal-calificados","status":"publish","type":"post","link":"https:\/\/circulorojoslp.com\/?p=49712","title":{"rendered":"Elecci\u00f3n judicial: el INE rechaza bajar a candidatos ligados al narco o mal calificados"},"content":{"rendered":"<p>Los consejeros del Instituto Nacional Electoral (INE) desecharon hoy la petici\u00f3n de los legisladores morenistas Gerardo Fern\u00e1ndez Noro\u00f1a y Sergio Guti\u00e9rrez Luna \u2013presidentes de la Mesa Directiva del Senado y de la C\u00e1mara de Diputados, respectivamente\u2013 para retirar los registros de 26 candidatos a jueces y magistrados, quienes no tuvieron calificaciones necesarias para postularse a las elecciones o han sido se\u00f1alados por sus presuntos v\u00ednculos con la delincuencia organizada.<br \/>\nDurante la sesi\u00f3n del Consejo General del INE, los consejeros se quejaron airadamente respecto al conjunto de inconsistencias legales en las peticiones de Noro\u00f1a y Guti\u00e9rrez, empezando por el hecho de que el organismo aut\u00f3nomo no tiene facultades para poner o quitar las candidaturas a las elecciones judiciales del pr\u00f3ximo 1 de junio, y que el Senado est\u00e1 formalmente impedido para \u201cpronunciarse sobre la elegibilidad o idoneidad de las postulaciones\u201d.<br \/>\nVarios consejeros recordaron que los perfiles de los candidatos fueron aprobados por los comit\u00e9s de selecci\u00f3n de los poderes Ejecutivo, Legislativo y Judicial, cuyos integrantes ten\u00edan la responsabilidad de asegurarse de que los candidatos cumpl\u00edan con los requisitos.<br \/>\n\u201cEn su momento, much\u00edsimas personas juzgadoras estuvieron alertando que no se estaba haciendo una revisi\u00f3n de la idoneidad de los perfiles que se estaban presentando y ahora vemos que ten\u00edan raz\u00f3n\u201d, recalc\u00f3 la consejera Dania Ravel.<br \/>\nTras la publicaci\u00f3n de notas period\u00edsticas que se\u00f1alaron los perfiles de algunos candidatos \u2013incluyendo Fernando Escamilla, quien ha sido abogado del \u201cZ40\u201d, un l\u00edder de Los Zetas\u2013, Noro\u00f1a y Guti\u00e9rrez pidieron al INE retirar las candidaturas de ocho aspirantes, quienes no pudieron acreditar su promedio de ocho puntos en la licenciatura; de ellos, siete fueron aprobados por el comit\u00e9 de selecci\u00f3n del Poder Ejecutivo y otro del Poder Legislativo.<br \/>\nLos pol\u00edticos pidieron eliminar a otros 18 candidatos, quienes han sido investigados por la Fiscal\u00eda General de la Rep\u00fablica (FGR) o han sido se\u00f1alados por sus presuntos v\u00ednculos con la delincuencia organizada. La mitad de ellos fue validada por el comit\u00e9 del Poder Ejecutivo, otros cinco\u00a0fueron aprobados por el comit\u00e9 del Poder Legislativo, y cuatro m\u00e1s lo fueron por el comit\u00e9 del Poder Judicial.<br \/>\n\u201cSi no hicieron su trabajo, \u00bfen qu\u00e9 situaci\u00f3n estamos ahora? Nos llegan documentos que tienen que ver, no solo con el requisito de buena reputaci\u00f3n, sino tambi\u00e9n con promedios para poder participar y con otras circunstancias que necesariamente tuvieron que ser evaluadas por los poderes\u201d, deplor\u00f3 la consejera Claudia Zavala.<br \/>\n\u201cSe pretende que el INE asuma la responsabilidad de cancelar estas candidaturas, sin que tengamos atribuciones constitucionales o legales para ello\u201d, lament\u00f3 Ravel, quien recalc\u00f3 que \u201ctampoco los presidentes del Senado y la C\u00e1mara de Diputaciones tienen la atribuci\u00f3n de solicitar la cancelaci\u00f3n de las candidaturas.\u201d<br \/>\nEn su resoluci\u00f3n, el INE declar\u00f3 improcedente la revisi\u00f3n de los requisitos de elegibilidad, pero pidi\u00f3 al Senado y a la C\u00e1mara de Diputados que le entregue informaci\u00f3n sobre las candidaturas cuestionadas para negarles la constancia de elecci\u00f3n en caso de que ganen en las urnas el pr\u00f3ximo 1 de junio.<br \/>\n\u201cLa solicitud a la que hoy respondemos nos pide realizar acciones para las cuales, ni la ley, ni la Constituci\u00f3n nos facultan\u201d, abund\u00f3 el consejero Uuc-kib Espadas.<\/p>\n","protected":false},"excerpt":{"rendered":"<p>Los consejeros del Instituto Nacional Electoral (INE) desecharon hoy la petici\u00f3n de los legisladores morenistas Gerardo Fern\u00e1ndez Noro\u00f1a y Sergio Guti\u00e9rrez Luna \u2013presidentes de la Mesa Directiva del Senado y de la C\u00e1mara de Diputados, respectivamente\u2013 para retirar los registros de 26 candidatos a jueces y magistrados, quienes no tuvieron calificaciones necesarias para postularse a [&hellip;]<\/p>\n","protected":false},"author":8,"featured_media":49713,"comment_status":"closed","ping_status":"closed","sticky":false,"template":"","format":"standard","meta":{"footnotes":""},"categories":[55],"tags":[],"class_list":["post-49712","post","type-post","status-publish","format-standard","has-post-thumbnail","hentry","category-nacional"],"jetpack-related-posts":[],"_links":{"self":[{"href":"https:\/\/circulorojoslp.com\/index.php?rest_route=\/wp\/v2\/posts\/49712"}],"collection":[{"href":"https:\/\/circulorojoslp.com\/index.php?rest_route=\/wp\/v2\/posts"}],"about":[{"href":"https:\/\/circulorojoslp.com\/index.php?rest_route=\/wp\/v2\/types\/post"}],"author":[{"embeddable":true,"href":"https:\/\/circulorojoslp.com\/index.php?rest_route=\/wp\/v2\/users\/8"}],"replies":[{"embeddable":true,"href":"https:\/\/circulorojoslp.com\/index.php?rest_route=%2Fwp%2Fv2%2Fcomments&post=49712"}],"version-history":[{"count":0,"href":"https:\/\/circulorojoslp.com\/index.php?rest_route=\/wp\/v2\/posts\/49712\/revisions"}],"wp:featuredmedia":[{"embeddable":true,"href":"https:\/\/circulorojoslp.com\/index.php?rest_route=\/wp\/v2\/media\/49713"}],"wp:attachment":[{"href":"https:\/\/circulorojoslp.com\/index.php?rest_route=%2Fwp%2Fv2%2Fmedia&parent=49712"}],"wp:term":[{"taxonomy":"category","embeddable":true,"href":"https:\/\/circulorojoslp.com\/index.php?rest_route=%2Fwp%2Fv2%2Fcategories&post=49712"},{"taxonomy":"post_tag","embeddable":true,"href":"https:\/\/circulorojoslp.com\/index.php?rest_route=%2Fwp%2Fv2%2Ftags&post=49712"}],"curies":[{"name":"wp","href":"https:\/\/api.w.org\/{rel}","templated":true}]}}