{"id":49643,"date":"2025-05-06T23:43:00","date_gmt":"2025-05-07T05:43:00","guid":{"rendered":"https:\/\/circulorojoslp.com\/?p=49643"},"modified":"2025-05-06T23:43:00","modified_gmt":"2025-05-07T05:43:00","slug":"villa-de-pozos-escucha-voz-de-la-ninez-en-primer-concejo-infantil","status":"publish","type":"post","link":"https:\/\/circulorojoslp.com\/?p=49643","title":{"rendered":"VILLA DE POZOS ESCUCHA VOZ DE LA NI\u00d1EZ EN PRIMER CONCEJO INFANTIL"},"content":{"rendered":"<p>\u2013 Ni\u00f1as y ni\u00f1os propusieron acciones en educaci\u00f3n, ecolog\u00eda, seguridad e inclusi\u00f3n como parte del ejercicio democr\u00e1tico.<br \/>\nCon el objetivo de fomentar la participaci\u00f3n infantil en los asuntos p\u00fablicos y promover la cultura de la libre expresi\u00f3n, el Gobierno de Villa de Pozos llev\u00f3 a cabo la instalaci\u00f3n del Primer Concejo Infantil 2025, una iniciativa que permiti\u00f3 a ni\u00f1as y ni\u00f1os expresar sus ideas y preocupaciones sobre temas que impactan directamente en su entorno.<br \/>\nLa S\u00edndico Municipal, Liliana M\u00e9ndez Fajardo, tom\u00f3 protesta a las y los integrantes del Concejo Infantil y reconoci\u00f3 su entusiasmo y compromiso con la democracia desde temprana edad, adem\u00e1s de que este ejercicio fortalecer\u00e1 valores fundamentales como la responsabilidad, la tolerancia y el trabajo en equipo.<br \/>\nLas propuestas presentadas por las y los estudiantes de nivel primaria abordaron temas prioritarios como el uso de tecnolog\u00eda en la educaci\u00f3n, la inclusi\u00f3n de personas con discapacidad, la protecci\u00f3n del medio ambiente, la prevenci\u00f3n del delito, as\u00ed como la defensa de los derechos de ni\u00f1as y ni\u00f1os y la lucha contra la contaminaci\u00f3n y el cambio clim\u00e1tico.<br \/>\nEl cabildo infantil fue aprobado por unanimidad y cada una de las propuestas ser\u00e1 canalizada a la Direcci\u00f3n de Educaci\u00f3n Municipal y a la Comisi\u00f3n de Educaci\u00f3n P\u00fablica y Bibliotecas para su an\u00e1lisis y posteriormente, estas iniciativas ser\u00e1n turnadas a las \u00e1reas municipales correspondientes, con el fin de integrarlas en pol\u00edticas p\u00fablicas que mejoren la calidad de vida de las y los habitantes de Villa de Pozos.<\/p>\n","protected":false},"excerpt":{"rendered":"<p>\u2013 Ni\u00f1as y ni\u00f1os propusieron acciones en educaci\u00f3n, ecolog\u00eda, seguridad e inclusi\u00f3n como parte del ejercicio democr\u00e1tico. Con el objetivo de fomentar la participaci\u00f3n infantil en los asuntos p\u00fablicos y promover la cultura de la libre expresi\u00f3n, el Gobierno de Villa de Pozos llev\u00f3 a cabo la instalaci\u00f3n del Primer Concejo Infantil 2025, una iniciativa [&hellip;]<\/p>\n","protected":false},"author":8,"featured_media":49644,"comment_status":"closed","ping_status":"closed","sticky":false,"template":"","format":"standard","meta":{"footnotes":""},"categories":[59],"tags":[],"class_list":["post-49643","post","type-post","status-publish","format-standard","has-post-thumbnail","hentry","category-villadepozos"],"jetpack-related-posts":[],"_links":{"self":[{"href":"https:\/\/circulorojoslp.com\/index.php?rest_route=\/wp\/v2\/posts\/49643"}],"collection":[{"href":"https:\/\/circulorojoslp.com\/index.php?rest_route=\/wp\/v2\/posts"}],"about":[{"href":"https:\/\/circulorojoslp.com\/index.php?rest_route=\/wp\/v2\/types\/post"}],"author":[{"embeddable":true,"href":"https:\/\/circulorojoslp.com\/index.php?rest_route=\/wp\/v2\/users\/8"}],"replies":[{"embeddable":true,"href":"https:\/\/circulorojoslp.com\/index.php?rest_route=%2Fwp%2Fv2%2Fcomments&post=49643"}],"version-history":[{"count":0,"href":"https:\/\/circulorojoslp.com\/index.php?rest_route=\/wp\/v2\/posts\/49643\/revisions"}],"wp:featuredmedia":[{"embeddable":true,"href":"https:\/\/circulorojoslp.com\/index.php?rest_route=\/wp\/v2\/media\/49644"}],"wp:attachment":[{"href":"https:\/\/circulorojoslp.com\/index.php?rest_route=%2Fwp%2Fv2%2Fmedia&parent=49643"}],"wp:term":[{"taxonomy":"category","embeddable":true,"href":"https:\/\/circulorojoslp.com\/index.php?rest_route=%2Fwp%2Fv2%2Fcategories&post=49643"},{"taxonomy":"post_tag","embeddable":true,"href":"https:\/\/circulorojoslp.com\/index.php?rest_route=%2Fwp%2Fv2%2Ftags&post=49643"}],"curies":[{"name":"wp","href":"https:\/\/api.w.org\/{rel}","templated":true}]}}