{"id":49641,"date":"2025-05-06T23:41:18","date_gmt":"2025-05-07T05:41:18","guid":{"rendered":"https:\/\/circulorojoslp.com\/?p=49641"},"modified":"2025-05-06T23:41:18","modified_gmt":"2025-05-07T05:41:18","slug":"expo-emprendimiento-en-villa-de-pozos-por-el-dia-de-la-madre","status":"publish","type":"post","link":"https:\/\/circulorojoslp.com\/?p=49641","title":{"rendered":"EXPO EMPRENDIMIENTO EN VILLA DE POZOS POR EL D\u00cdA DE LA MADRE"},"content":{"rendered":"<p>\u2013 El Gobierno Municipal invita a las y los emprendedores locales a participar en esta iniciativa que busca fortalecer la econom\u00eda familiar y promover el consumo local.<br \/>\nEn el marco de la celebraci\u00f3n del D\u00eda de las Madres, el Gobierno de Villa de Pozos, a trav\u00e9s de la Direcci\u00f3n de Desarrollo Econ\u00f3mico, convoca a las y los emprendedores del municipio a formar parte del Pabell\u00f3n Expo Emprendimiento, que se llevar\u00e1 a cabo los d\u00edas 9, 10 y 11 de mayo en el jard\u00edn principal de Villa de Pozos, en un horario de 10:00 a 21:00 horas.<br \/>\nEl director de Desarrollo Econ\u00f3mico, Juan Alejandro M\u00e9ndez Zavala, detall\u00f3 que esta iniciativa tiene como principal objetivo apoyar la econom\u00eda de las familias poce\u00f1as y fomentar el desarrollo de la econom\u00eda local, al brindar un espacio de exposici\u00f3n y venta para productos y servicios creados por emprendedores de la regi\u00f3n.<br \/>\nLas personas interesadas en participar deber\u00e1n inscribirse hasta el d\u00eda 6 de mayo en las oficinas de Desarrollo Econ\u00f3mico ubicadas en la Presidencia Municipal, o bien comunicarse al tel\u00e9fono 444 703 7189 para mayor informaci\u00f3n.<br \/>\nCon esta iniciativa, el Gobierno de Villa de Pozos reafirma su compromiso con el impulso al emprendimiento local y con la creaci\u00f3n de espacios que favorezcan el crecimiento econ\u00f3mico del municipio.<\/p>\n","protected":false},"excerpt":{"rendered":"<p>\u2013 El Gobierno Municipal invita a las y los emprendedores locales a participar en esta iniciativa que busca fortalecer la econom\u00eda familiar y promover el consumo local. En el marco de la celebraci\u00f3n del D\u00eda de las Madres, el Gobierno de Villa de Pozos, a trav\u00e9s de la Direcci\u00f3n de Desarrollo Econ\u00f3mico, convoca a las [&hellip;]<\/p>\n","protected":false},"author":8,"featured_media":49642,"comment_status":"closed","ping_status":"closed","sticky":false,"template":"","format":"standard","meta":{"footnotes":""},"categories":[59],"tags":[],"class_list":["post-49641","post","type-post","status-publish","format-standard","has-post-thumbnail","hentry","category-villadepozos"],"jetpack-related-posts":[],"_links":{"self":[{"href":"https:\/\/circulorojoslp.com\/index.php?rest_route=\/wp\/v2\/posts\/49641"}],"collection":[{"href":"https:\/\/circulorojoslp.com\/index.php?rest_route=\/wp\/v2\/posts"}],"about":[{"href":"https:\/\/circulorojoslp.com\/index.php?rest_route=\/wp\/v2\/types\/post"}],"author":[{"embeddable":true,"href":"https:\/\/circulorojoslp.com\/index.php?rest_route=\/wp\/v2\/users\/8"}],"replies":[{"embeddable":true,"href":"https:\/\/circulorojoslp.com\/index.php?rest_route=%2Fwp%2Fv2%2Fcomments&post=49641"}],"version-history":[{"count":0,"href":"https:\/\/circulorojoslp.com\/index.php?rest_route=\/wp\/v2\/posts\/49641\/revisions"}],"wp:featuredmedia":[{"embeddable":true,"href":"https:\/\/circulorojoslp.com\/index.php?rest_route=\/wp\/v2\/media\/49642"}],"wp:attachment":[{"href":"https:\/\/circulorojoslp.com\/index.php?rest_route=%2Fwp%2Fv2%2Fmedia&parent=49641"}],"wp:term":[{"taxonomy":"category","embeddable":true,"href":"https:\/\/circulorojoslp.com\/index.php?rest_route=%2Fwp%2Fv2%2Fcategories&post=49641"},{"taxonomy":"post_tag","embeddable":true,"href":"https:\/\/circulorojoslp.com\/index.php?rest_route=%2Fwp%2Fv2%2Ftags&post=49641"}],"curies":[{"name":"wp","href":"https:\/\/api.w.org\/{rel}","templated":true}]}}