{"id":49559,"date":"2025-05-02T23:47:56","date_gmt":"2025-05-03T05:47:56","guid":{"rendered":"https:\/\/circulorojoslp.com\/?p=49559"},"modified":"2025-05-02T23:47:56","modified_gmt":"2025-05-03T05:47:56","slug":"jovenes-con-que-hacer-impulsa-el-talento-en-villa-de-pozos","status":"publish","type":"post","link":"https:\/\/circulorojoslp.com\/?p=49559","title":{"rendered":"J\u00d3VENES CON QU\u00c9 HACER IMPULSA EL TALENTO EN VILLA DE POZOS"},"content":{"rendered":"<p>\u2013 El programa inicia el 6 de mayo e incluye cursos que fortalecer\u00e1n la econom\u00eda familiar.<br \/>\nCon el firme prop\u00f3sito de brindar oportunidades de desarrollo a la juventud del municipio, el Gobierno de Villa de Pozos, a trav\u00e9s del Instituto Municipal de la Juventud, present\u00f3 la segunda temporada del exitoso programa \u201cJ\u00f3venes con qu\u00e9 hacer\u201d, que dar\u00e1 inicio el pr\u00f3ximo 6 de mayo.<br \/>\nEn esta nueva edici\u00f3n, los j\u00f3venes podr\u00e1n participar en una amplia oferta de talleres y cursos enfocados en el emprendimiento, como producci\u00f3n musical, muralismo, barber\u00eda, tatuajes, estilismo, aplicaci\u00f3n de u\u00f1as, colocaci\u00f3n de pesta\u00f1as, alaciados progresivos, entre otros.<br \/>\nLa Presidenta Concejal, Teresa Rivera Acevedo, destac\u00f3 el compromiso de su administraci\u00f3n con las nuevas generaciones, al ofrecer herramientas que les permitan generar ingresos y fortalecer la econom\u00eda familiar desde sus talentos y habilidades.<br \/>\nPor su parte, el director del Instituto Municipal de la Juventud, Jos\u00e9 de Jes\u00fas Espinosa Ortiz, inform\u00f3 que las inscripciones ya est\u00e1n abiertas y los cursos se impartir\u00e1n en las instalaciones del Instituto, ubicado en calle 71 esquina calle 30, en la colonia Prados Segunda Secci\u00f3n.<\/p>\n","protected":false},"excerpt":{"rendered":"<p>\u2013 El programa inicia el 6 de mayo e incluye cursos que fortalecer\u00e1n la econom\u00eda familiar. Con el firme prop\u00f3sito de brindar oportunidades de desarrollo a la juventud del municipio, el Gobierno de Villa de Pozos, a trav\u00e9s del Instituto Municipal de la Juventud, present\u00f3 la segunda temporada del exitoso programa \u201cJ\u00f3venes con qu\u00e9 hacer\u201d, [&hellip;]<\/p>\n","protected":false},"author":8,"featured_media":49560,"comment_status":"closed","ping_status":"closed","sticky":false,"template":"","format":"standard","meta":{"footnotes":""},"categories":[59],"tags":[],"class_list":["post-49559","post","type-post","status-publish","format-standard","has-post-thumbnail","hentry","category-villadepozos"],"jetpack-related-posts":[],"_links":{"self":[{"href":"https:\/\/circulorojoslp.com\/index.php?rest_route=\/wp\/v2\/posts\/49559"}],"collection":[{"href":"https:\/\/circulorojoslp.com\/index.php?rest_route=\/wp\/v2\/posts"}],"about":[{"href":"https:\/\/circulorojoslp.com\/index.php?rest_route=\/wp\/v2\/types\/post"}],"author":[{"embeddable":true,"href":"https:\/\/circulorojoslp.com\/index.php?rest_route=\/wp\/v2\/users\/8"}],"replies":[{"embeddable":true,"href":"https:\/\/circulorojoslp.com\/index.php?rest_route=%2Fwp%2Fv2%2Fcomments&post=49559"}],"version-history":[{"count":0,"href":"https:\/\/circulorojoslp.com\/index.php?rest_route=\/wp\/v2\/posts\/49559\/revisions"}],"wp:featuredmedia":[{"embeddable":true,"href":"https:\/\/circulorojoslp.com\/index.php?rest_route=\/wp\/v2\/media\/49560"}],"wp:attachment":[{"href":"https:\/\/circulorojoslp.com\/index.php?rest_route=%2Fwp%2Fv2%2Fmedia&parent=49559"}],"wp:term":[{"taxonomy":"category","embeddable":true,"href":"https:\/\/circulorojoslp.com\/index.php?rest_route=%2Fwp%2Fv2%2Fcategories&post=49559"},{"taxonomy":"post_tag","embeddable":true,"href":"https:\/\/circulorojoslp.com\/index.php?rest_route=%2Fwp%2Fv2%2Ftags&post=49559"}],"curies":[{"name":"wp","href":"https:\/\/api.w.org\/{rel}","templated":true}]}}