{"id":49345,"date":"2025-04-21T16:40:31","date_gmt":"2025-04-21T22:40:31","guid":{"rendered":"https:\/\/circulorojoslp.com\/?p=49345"},"modified":"2025-04-21T16:40:31","modified_gmt":"2025-04-21T22:40:31","slug":"sheinbaum-lamenta-muerte-del-papa-francisco-es-una-perdida-dolorosa-y-estuvo-cerca-de-los-pobres","status":"publish","type":"post","link":"https:\/\/circulorojoslp.com\/?p=49345","title":{"rendered":"Sheinbaum lamenta muerte del Papa Francisco: \u2018Es una p\u00e9rdida dolorosa y estuvo cerca de los pobres"},"content":{"rendered":"<p>Estos fueron los temas m\u00e1s importantes de la conferencia matutina de la presidenta Claudia Sheinbaum este lunes 21 de abril.<br \/>\nLuego de que\u00a0Claudia Sheinbaum expresara sus condolencias por la\u00a0muerte del Papa Francisco\u00a0\u2014quien falleci\u00f3 este lunes en su residencia de la Casa Santa Marta, en Roma\u2014, la presidenta encabeza su conferencia en Palacio Nacional este lunes 21 de abril.<br \/>\nLa ma\u00f1ana de este lunes, la presidenta de M\u00e9xico envi\u00f3 un emotivo mensaje en memoria del\u00a0pont\u00edfice, de 88 a\u00f1os, quien hab\u00eda estado ausente en todos los ritos de la Semana Santa\u00a0debido a que segu\u00eda convaleciente tras una reciente hospitalizaci\u00f3n.<br \/>\n\u201cMuere el papa Francisco.\u00a0Un humanista que opt\u00f3 por los pobres, la paz y la igualdad. Deja un gran legado de verdadero amor al pr\u00f3jimo. Para los cat\u00f3licos y los que no lo son, es una gran p\u00e9rdida. Haberlo conocido fue un gran honor y privilegio. Descanse en paz\u201d, escribi\u00f3 en su cuenta oficial de X.<br \/>\nLa muerte del pont\u00edfice fue confirmada este lunes en un v\u00eddeo mensaje el camarlengo, el cardenal Kevin Joseph Farrell, donde lament\u00f3 su deceso.<\/p>\n<p>Sheinbaum env\u00eda condolencias \u2018al mundo\u2019 por muerte del papa Francisco<br \/>\nLa\u00a0presidenta Claudia Sheinbaum\u00a0se sum\u00f3 a las\u00a0condolencias enviadas por l\u00edderes mundiales, entre ellos Donald Trump, e inici\u00f3 la conferencia matutina enviando sus condolencias por la muerte del papa Francisco, a quien calific\u00f3 como \u2018un humanista\u2019.<br \/>\nAl respecto, Sheinbaum descart\u00f3 asistir a los\u00a0funerales del papa en el Vaticano. \u201cNo, est\u00e1 ah\u00ed el embajador y vamos a ver si alguien asiste para expresar nuestro cari\u00f1o\u201d, apunt\u00f3.<br \/>\n\u201cNuestro abrazo a todos los cat\u00f3licos de M\u00e9xico\u00a0y tambi\u00e9n a los no cat\u00f3licos, porque el papa Francisco fue un humanista que estuvo siempre al pendiente de los pobres. Todav\u00eda ayer su mensaje fue por la paz. Es una p\u00e9rdida dolorosa, nuestro abrazo y cari\u00f1o a todo el mundo\u201d, agreg\u00f3.<br \/>\nPrevio al inicio de la \u2018ma\u00f1anera\u2019, la mandataria public\u00f3 un mensaje en sus redes sociales donde lament\u00f3 la muerte del sumo pont\u00edfice. El post inclu\u00eda una foto de Sheinbaum durante un encuentro con el papa, del cual dio m\u00e1s detalles en la conferencia.<\/p>\n<p>\u00bfD\u00f3nde est\u00e1n las gasolineras que venden el combustible hasta en 25 pesos?<br \/>\nEl\u00a0titular de la Procuradur\u00eda Federal del Consumidor (Profeco)\u00a0explic\u00f3 que a pesar del precio \u2018tope\u2019 de la gasolina, hay establecimientos donde el combustible todav\u00eda se vende hasta en 25 pesos.<br \/>\nLa gasolinera m\u00e1s cara est\u00e1 en Puerto Vallarta, Jalisco, se trata de Valero energ\u00eda donde se vende el litro en 25.49 pesos. Otros establecimientos con precios altos de la gasolina son:<\/p>\n<p>Oxxo Gas\u00a0noreste, en Apodaca, Nuevo Le\u00f3n, vende la gasolina en 24.99 pesos.<br \/>\nPetro Seven norte, en Chihuahua, vende el combustible a 24.99 pesos.<br \/>\nLagas sureste, en Canc\u00fan, Quintana Roo, ofrece la gasolina en 24.94 pesos.<br \/>\nShell centro, en Corregidora, Quer\u00e9taro, donde la gasolina se vende en 24.59 pesos.<br \/>\nValero noroeste en Tepic, Nayarit, que vende la gasolina en 24.59 pesos.<\/p>\n<p>As\u00ed funcionar\u00e1 la ventanilla de inversiones que reduce el tiempo para abrir un nuevo negocio<br \/>\nJos\u00e9 Merino,\u00a0titular de la Agencia de Transformaci\u00f3n Digital y Telecomunicaciones,\u00a0anunci\u00f3 que se enviar\u00e1 la Ley nacional para eliminar tr\u00e1mites burocr\u00e1ticos y corrupci\u00f3n. Tambi\u00e9n explic\u00f3 que ya est\u00e1 activa la ventanilla digital nacional de inversiones.<br \/>\nDicha herramienta tiene como objetivo reducir el tiempo y los tr\u00e1mites para crear una nueva empresa. El objetivo es que el proceso dure como m\u00e1ximo un a\u00f1o y solo se realicen al menos 32 tr\u00e1mites con un total de 127 requisitos.<br \/>\nCon la ventanilla,\u00a0los tr\u00e1mites se har\u00e1n en una sola plataforma, ya sea los tr\u00e1mites federales, estatales y municipales para construir y operar una empresa.<br \/>\nAdem\u00e1s, se forma un expediente digital con documentos que solo se suben una vez para requisitos simplificados en todo el pa\u00eds.<br \/>\nSheinbaum responde a supuesto ataque de sicarios mexicanos vs. Noboa: \u2018No dijo cu\u00e1les son sus pruebas\u2019<br \/>\nLa\u00a0presidenta Sheinbaum\u00a0reaccion\u00f3 a las acusaciones de Ecuador sobre el\u00a0supuesto ataque organizado en M\u00e9xico contra el presidente Daniel Noboa.<br \/>\n\u201cSe envi\u00f3 una respuesta de Relaciones Exteriores negando lo que dijo Noboa, porque adem\u00e1s no dice ni siquiera de d\u00f3nde ven\u00eda la informaci\u00f3n ni cu\u00e1les son sus pruebas\u201d, respondi\u00f3 la mandataria.<br \/>\nEl fin de semana,\u00a0Ecuador se mantuvo en un estado de \u2018alerta m\u00e1xima\u2019\u00a0al se\u00f1alar que M\u00e9xico hab\u00eda\u00a0enviado a sicarios\u00a0para asesinar al presidente Daniel Noboa.<br \/>\nAl respecto, la Secretar\u00eda de Relaciones Exteriores (SRE) envi\u00f3 una carta desmintiendo dicha informaci\u00f3n y cuestionando los dichos de Noboa. Apenas d\u00edas antes, la presidenta Sheinbaum asegur\u00f3 que M\u00e9xico mantiene rotas las relaciones con Ecuador tras la invasi\u00f3n a la embajada mexicana.<br \/>\nSheinbaum rechaza acusaci\u00f3n de senador de EU sobre que M\u00e9xico tira aguas negras en la frontera<br \/>\nClaudia Sheinbaum\u00a0rechaz\u00f3 las\u00a0acusaciones de Tim Sheehy, senador de EU, quien acus\u00f3 a M\u00e9xico de tirar aguas negras en el r\u00edo Tijuana, en la frontera entre M\u00e9xico y Estados Unidos.<br \/>\n\u201cPueden estar en campa\u00f1a, pero M\u00e9xico no puede ser el argumento de ning\u00fan candidato o partido pol\u00edtico para promoverse\u201d, asegur\u00f3 la mandataria.<br \/>\nSheinbaum record\u00f3 que en EU comenzar\u00e1n las\u00a0campa\u00f1as para las gubernaturas\u00a0y rechaz\u00f3 que los temas de M\u00e9xico sean retomados en dichos eventos.<br \/>\nAdem\u00e1s, agreg\u00f3 que Alicia B\u00e1rcena, secretaria de Medio Ambiente y Recursos Naturales (Semarnat), estar\u00e1 en San Diego para hablar sobre temas de medio ambiente y tambi\u00e9n del\u00a0tratado de aguas, entre estos temas se incluye que en los pr\u00f3ximos d\u00edas funcionar\u00e1 al 100 por ciento la planta de tratamiento de agua que est\u00e1 en Tijuana para disminuir la contaminaci\u00f3n hacia el Pac\u00edfico.<br \/>\nSheinbaum pide bajar spots contra migrantes de Kristi Noem: \u2018Su mensaje es discriminatorio\u2019<br \/>\nAl ser cuestionada de la\u00a0campa\u00f1a anti migrante de Trump que lleg\u00f3 a la televisi\u00f3n mexicana, la presidenta mostr\u00f3 una carta que envi\u00f3 y\u00a0se pidi\u00f3 que dicho anuncio se \u2018baje\u2019 en M\u00e9xico\u00a0al ser considerado discriminatorio.<br \/>\n\u201cNo estamos de acuerdo en la transmisi\u00f3n de spots del gobierno de Estados Unidos en televisi\u00f3n abierta mexicana. Pedimos que se baje ese contenido\u201d, a\u00f1adi\u00f3 la mandataria.<br \/>\nEn el anuncio aparece la\u00a0secretaria de Seguridad de EU,\u00a0Kristi Noem, lanza una advertencia contra \u2018migrantes ilegales\u2019 quienes buscan ingresar al pa\u00eds.<br \/>\nDicho mensaje destaca porque ha sido transmitido en canales de televisi\u00f3n abierta y en horarios de m\u00e1xima audiencia.<br \/>\n\u00bfUn nuevo mensaje para Andrea Ch\u00e1vez? Sheinbaum opina sobre giras de senadoras<br \/>\nLa\u00a0presidenta Sheinbaum\u00a0anunci\u00f3 que el mi\u00e9rcoles presentar\u00e1 la\u00a0carta que enviar\u00e1 al consejo de Morena\u00a0sobre el actuar de sus militantes y sobre las campa\u00f1as anticipadas, pero adelant\u00f3 lo que ser\u00eda un nuevo mensaje para la senadora Andrea Ch\u00e1vez.<br \/>\n\u201cSi quieren promover el voto para la elecci\u00f3n Judicial, lo mejor es que no lo hagan\u201d, dijo la mandataria luego de que senadoras como Andrea Ch\u00e1vez han realizado giras en los estados para, supuestamente, promover el voto el pr\u00f3ximo 1 de junio.<br \/>\nLa gira ha desatado\u00a0pol\u00e9mica porque son militantes de Morena\u00a0y legisladoras quienes encabezan dichas acciones, a pesar de que est\u00e1 prohibido por el Instituto Nacional Electoral (INE) de promover el voto de la elecci\u00f3n Judicial en caso de ser servidores p\u00fablicos.<\/p>\n","protected":false},"excerpt":{"rendered":"<p>Estos fueron los temas m\u00e1s importantes de la conferencia matutina de la presidenta Claudia Sheinbaum este lunes 21 de abril. Luego de que\u00a0Claudia Sheinbaum expresara sus condolencias por la\u00a0muerte del Papa Francisco\u00a0\u2014quien falleci\u00f3 este lunes en su residencia de la Casa Santa Marta, en Roma\u2014, la presidenta encabeza su conferencia en Palacio Nacional este lunes [&hellip;]<\/p>\n","protected":false},"author":8,"featured_media":49346,"comment_status":"closed","ping_status":"closed","sticky":false,"template":"","format":"standard","meta":{"footnotes":""},"categories":[55],"tags":[],"class_list":["post-49345","post","type-post","status-publish","format-standard","has-post-thumbnail","hentry","category-nacional"],"jetpack-related-posts":[],"_links":{"self":[{"href":"https:\/\/circulorojoslp.com\/index.php?rest_route=\/wp\/v2\/posts\/49345"}],"collection":[{"href":"https:\/\/circulorojoslp.com\/index.php?rest_route=\/wp\/v2\/posts"}],"about":[{"href":"https:\/\/circulorojoslp.com\/index.php?rest_route=\/wp\/v2\/types\/post"}],"author":[{"embeddable":true,"href":"https:\/\/circulorojoslp.com\/index.php?rest_route=\/wp\/v2\/users\/8"}],"replies":[{"embeddable":true,"href":"https:\/\/circulorojoslp.com\/index.php?rest_route=%2Fwp%2Fv2%2Fcomments&post=49345"}],"version-history":[{"count":0,"href":"https:\/\/circulorojoslp.com\/index.php?rest_route=\/wp\/v2\/posts\/49345\/revisions"}],"wp:featuredmedia":[{"embeddable":true,"href":"https:\/\/circulorojoslp.com\/index.php?rest_route=\/wp\/v2\/media\/49346"}],"wp:attachment":[{"href":"https:\/\/circulorojoslp.com\/index.php?rest_route=%2Fwp%2Fv2%2Fmedia&parent=49345"}],"wp:term":[{"taxonomy":"category","embeddable":true,"href":"https:\/\/circulorojoslp.com\/index.php?rest_route=%2Fwp%2Fv2%2Fcategories&post=49345"},{"taxonomy":"post_tag","embeddable":true,"href":"https:\/\/circulorojoslp.com\/index.php?rest_route=%2Fwp%2Fv2%2Ftags&post=49345"}],"curies":[{"name":"wp","href":"https:\/\/api.w.org\/{rel}","templated":true}]}}