{"id":49296,"date":"2025-04-17T12:56:53","date_gmt":"2025-04-17T18:56:53","guid":{"rendered":"https:\/\/circulorojoslp.com\/?p=49296"},"modified":"2025-04-17T12:56:53","modified_gmt":"2025-04-17T18:56:53","slug":"capacitan-a-funcionarios-de-villa-de-pozos-en-control-interno","status":"publish","type":"post","link":"https:\/\/circulorojoslp.com\/?p=49296","title":{"rendered":"CAPACITAN A FUNCIONARIOS DE VILLA DE POZOS EN CONTROL INTERNO"},"content":{"rendered":"<p>\u2013 M\u00e1s de 60 funcionarios participaron en la capacitaci\u00f3n organizada en coordinaci\u00f3n con la Contralor\u00eda General del Estado.<br \/>\nCon el objetivo de mejorar el desempe\u00f1o, fortalecer la eficiencia administrativa y garantizar un servicio p\u00fablico m\u00e1s transparente y eficaz, el Gobierno de Villa de Pozos, en coordinaci\u00f3n con la Contralor\u00eda General del Estado, la Contralor\u00eda Interna y la Comisi\u00f3n de Vigilancia, llev\u00f3 a cabo una capacitaci\u00f3n dirigida a funcionarias y funcionarios municipales con el tema \u201cMarco Integrado de Control Interno\u201d.<br \/>\nEl Contralor Interno del municipio, Delfino Juan Alberto Sol\u00eds Mora, destac\u00f3 que este tipo de capacitaciones tienen como objetivo principal la implementaci\u00f3n efectiva del control interno, con el fin de optimizar la atenci\u00f3n a la ciudadan\u00eda y proyectar una imagen institucional positiva ante la sociedad.<br \/>\nDestac\u00f3 que, durante la capacitaci\u00f3n participaron cerca de 65 servidores p\u00fablicos de todas las \u00e1reas del municipio, quienes recibieron orientaci\u00f3n para identificar, aplicar y supervisar los controles internos dentro de sus funciones y afirm\u00f3 que este tipo de capacitaciones continuar\u00e1n de manera constante con el objetivo de optimizar la atenci\u00f3n a la ciudadan\u00eda.<br \/>\nPor su parte, la Contralor\u00eda General del Estado brind\u00f3 una gu\u00eda clara y precisa sobre los elementos del Marco Integrado de Control Interno para permitir a los funcionarios identificar \u00e1reas de mejora en sus procesos y fomentar una cultura de rendici\u00f3n de cuentas y transparencia dentro del municipio.<\/p>\n","protected":false},"excerpt":{"rendered":"<p>\u2013 M\u00e1s de 60 funcionarios participaron en la capacitaci\u00f3n organizada en coordinaci\u00f3n con la Contralor\u00eda General del Estado. Con el objetivo de mejorar el desempe\u00f1o, fortalecer la eficiencia administrativa y garantizar un servicio p\u00fablico m\u00e1s transparente y eficaz, el Gobierno de Villa de Pozos, en coordinaci\u00f3n con la Contralor\u00eda General del Estado, la Contralor\u00eda Interna [&hellip;]<\/p>\n","protected":false},"author":8,"featured_media":49297,"comment_status":"closed","ping_status":"closed","sticky":false,"template":"","format":"standard","meta":{"footnotes":""},"categories":[59],"tags":[],"class_list":["post-49296","post","type-post","status-publish","format-standard","has-post-thumbnail","hentry","category-villadepozos"],"jetpack-related-posts":[],"_links":{"self":[{"href":"https:\/\/circulorojoslp.com\/index.php?rest_route=\/wp\/v2\/posts\/49296"}],"collection":[{"href":"https:\/\/circulorojoslp.com\/index.php?rest_route=\/wp\/v2\/posts"}],"about":[{"href":"https:\/\/circulorojoslp.com\/index.php?rest_route=\/wp\/v2\/types\/post"}],"author":[{"embeddable":true,"href":"https:\/\/circulorojoslp.com\/index.php?rest_route=\/wp\/v2\/users\/8"}],"replies":[{"embeddable":true,"href":"https:\/\/circulorojoslp.com\/index.php?rest_route=%2Fwp%2Fv2%2Fcomments&post=49296"}],"version-history":[{"count":0,"href":"https:\/\/circulorojoslp.com\/index.php?rest_route=\/wp\/v2\/posts\/49296\/revisions"}],"wp:featuredmedia":[{"embeddable":true,"href":"https:\/\/circulorojoslp.com\/index.php?rest_route=\/wp\/v2\/media\/49297"}],"wp:attachment":[{"href":"https:\/\/circulorojoslp.com\/index.php?rest_route=%2Fwp%2Fv2%2Fmedia&parent=49296"}],"wp:term":[{"taxonomy":"category","embeddable":true,"href":"https:\/\/circulorojoslp.com\/index.php?rest_route=%2Fwp%2Fv2%2Fcategories&post=49296"},{"taxonomy":"post_tag","embeddable":true,"href":"https:\/\/circulorojoslp.com\/index.php?rest_route=%2Fwp%2Fv2%2Ftags&post=49296"}],"curies":[{"name":"wp","href":"https:\/\/api.w.org\/{rel}","templated":true}]}}