{"id":48895,"date":"2025-03-19T22:54:08","date_gmt":"2025-03-20T04:54:08","guid":{"rendered":"https:\/\/circulorojoslp.com\/?p=48895"},"modified":"2025-03-19T22:54:08","modified_gmt":"2025-03-20T04:54:08","slug":"dos-programas-de-bienestar-a-colombia","status":"publish","type":"post","link":"https:\/\/circulorojoslp.com\/?p=48895","title":{"rendered":"Dos programas de Bienestar a Colombia"},"content":{"rendered":"<p>Los cancilleres tambi\u00e9n dialogaron sobre el fen\u00f3meno migratorio regional, al tiempo que renovaron su voluntad de fortalecer sus respectivos liderazgos para lograr una migraci\u00f3n segura, ordenada y regular<\/p>\n<p>M\u00e9xico y\u00a0Colombia\u00a0acordaron la implementaci\u00f3n de dos programas de bienestar en ese pa\u00eds con \u201cSembrando Vida\u201d y \u201cJuntos por el Bienestar\u201d.<br \/>\nAs\u00ed se estableci\u00f3 durante la reuni\u00f3n bilateral del canciller\u00a0Juan Ram\u00f3n de la Fuente, y la ministra de Relaciones Exteriores de Colombia, Laura Sarabia, quienes destacaron que los programas de bienestar mexicanos son los primero que se operar\u00e1n en Am\u00e9rica del Sur<br \/>\n\u201cConfiaron en que contribuir\u00e1n al desarrollo del campo, la reforestaci\u00f3n, la generaci\u00f3n de habilidades laborales y la reintegraci\u00f3n de personas migrantes a sus comunidades\u201d, detall\u00f3 la Canciller\u00eda en un comunicado<br \/>\nIndic\u00f3 que la canciller Sarabia manifest\u00f3 el inter\u00e9s de Colombia por profundizar el intercambio de experiencias sobre desarrollo de infraestructura ferroviaria con proyectos del\u00a0Tren Maya\u00a0y del Corredor Interoce\u00e1nico del Istmo de Tehuantepec.<br \/>\nRealizan seguimiento a encuentros de Sheinbaum y Petro<br \/>\n\u00a0<br \/>\nEsta reuni\u00f3n es en seguimiento a los encuentros y conversaciones entre la presidenta de M\u00e9xico,\u00a0Claudia Sheinbaum Pardo\u00a0y su hom\u00f3logo de Colombia,\u00a0Gustavo Petro, en donde acordaron revisar la agenda bilateral y discutir iniciativas que profundicen la cooperaci\u00f3n e integraci\u00f3n en\u00a0Am\u00e9rica Latina\u00a0y el Caribe.<br \/>\n\u201cAmbos cancilleres reconocieron la s\u00f3lida relaci\u00f3n hist\u00f3rica entre M\u00e9xico y Colombia y la magn\u00edfica etapa por la que atraviesa, dada la afinidad de visiones, principios, valores y pol\u00edticas orientadas hacia la igualdad, la justicia social, la solidaridad y la prosperidad compartida de sus pueblos\u201d, se\u00f1al\u00f3 SRE.<br \/>\nLos cancilleres tambi\u00e9n dialogaron sobre el fen\u00f3meno migratorio regional, al tiempo que renovaron su voluntad de fortalecer sus respectivos liderazgos para lograr una migraci\u00f3n segura, ordenada y regular.<br \/>\nAdem\u00e1s, el canciller De la Fuente refrend\u00f3 que M\u00e9xico mantendr\u00e1 su respaldo a la pol\u00edtica de\u00a0\u201cPaz Total\u201d\u00a0del gobierno de Colombia porque sigue su hist\u00f3rica vocaci\u00f3n pacifista.<br \/>\n\u201cExpres\u00f3 su solidaridad ante la crisis humanitaria que se vive en algunas regiones de Colombia e indic\u00f3 que M\u00e9xico explora formas de apoyar en la b\u00fasqueda de soluciones sostenibles. Reafirm\u00f3 tambi\u00e9n la disposici\u00f3n de nuestro pa\u00eds para facilitar y garantizar el di\u00e1logo como una herramienta hacia la paz\u201d, refiri\u00f3.<\/p>\n","protected":false},"excerpt":{"rendered":"<p>Los cancilleres tambi\u00e9n dialogaron sobre el fen\u00f3meno migratorio regional, al tiempo que renovaron su voluntad de fortalecer sus respectivos liderazgos para lograr una migraci\u00f3n segura, ordenada y regular M\u00e9xico y\u00a0Colombia\u00a0acordaron la implementaci\u00f3n de dos programas de bienestar en ese pa\u00eds con \u201cSembrando Vida\u201d y \u201cJuntos por el Bienestar\u201d. As\u00ed se estableci\u00f3 durante la reuni\u00f3n bilateral [&hellip;]<\/p>\n","protected":false},"author":8,"featured_media":48896,"comment_status":"closed","ping_status":"closed","sticky":false,"template":"","format":"standard","meta":{"footnotes":""},"categories":[55],"tags":[],"class_list":["post-48895","post","type-post","status-publish","format-standard","has-post-thumbnail","hentry","category-nacional"],"jetpack-related-posts":[],"_links":{"self":[{"href":"https:\/\/circulorojoslp.com\/index.php?rest_route=\/wp\/v2\/posts\/48895"}],"collection":[{"href":"https:\/\/circulorojoslp.com\/index.php?rest_route=\/wp\/v2\/posts"}],"about":[{"href":"https:\/\/circulorojoslp.com\/index.php?rest_route=\/wp\/v2\/types\/post"}],"author":[{"embeddable":true,"href":"https:\/\/circulorojoslp.com\/index.php?rest_route=\/wp\/v2\/users\/8"}],"replies":[{"embeddable":true,"href":"https:\/\/circulorojoslp.com\/index.php?rest_route=%2Fwp%2Fv2%2Fcomments&post=48895"}],"version-history":[{"count":0,"href":"https:\/\/circulorojoslp.com\/index.php?rest_route=\/wp\/v2\/posts\/48895\/revisions"}],"wp:featuredmedia":[{"embeddable":true,"href":"https:\/\/circulorojoslp.com\/index.php?rest_route=\/wp\/v2\/media\/48896"}],"wp:attachment":[{"href":"https:\/\/circulorojoslp.com\/index.php?rest_route=%2Fwp%2Fv2%2Fmedia&parent=48895"}],"wp:term":[{"taxonomy":"category","embeddable":true,"href":"https:\/\/circulorojoslp.com\/index.php?rest_route=%2Fwp%2Fv2%2Fcategories&post=48895"},{"taxonomy":"post_tag","embeddable":true,"href":"https:\/\/circulorojoslp.com\/index.php?rest_route=%2Fwp%2Fv2%2Ftags&post=48895"}],"curies":[{"name":"wp","href":"https:\/\/api.w.org\/{rel}","templated":true}]}}