{"id":48893,"date":"2025-03-19T22:50:18","date_gmt":"2025-03-20T04:50:18","guid":{"rendered":"https:\/\/circulorojoslp.com\/?p=48893"},"modified":"2025-03-19T22:50:18","modified_gmt":"2025-03-20T04:50:18","slug":"anuncian-nuevos-candidatos-a-alcaldias-de-veracruz-por-morena","status":"publish","type":"post","link":"https:\/\/circulorojoslp.com\/?p=48893","title":{"rendered":"Anuncian nuevos candidatos a alcald\u00edas de Veracruz por Morena"},"content":{"rendered":"<p>Luisa Alcalde, presidenta del partido oficialista, revel\u00f3 qui\u00e9nes ser\u00e1n los candidatos de la formaci\u00f3n guinda a las alcald\u00edas de cinco municipios veracruzanos<\/p>\n<p>La presidenta del\u00a0Movimiento de Regeneraci\u00f3n Nacional\u00a0(Morena), Luisa Alcalde, dio a conocer cinco nuevos nombramientos como Promotores de la Cuarta Transformaci\u00f3n en el estado de Veracruz, donde m\u00e1s adelante podr\u00edan consolidarse como los candidatos a las alcald\u00edas de sus municipios para la elecci\u00f3n del pr\u00f3ximo 1 de junio.<br \/>\n\u201cHoy correspondi\u00f3 el turno a los municipios de\u00a0C\u00f3rdoba,\u00a0R\u00edo Blanco,\u00a0Tuxpan,\u00a0Coatepec\u00a0y\u00a0Huatusco. En Morena respaldamos su trabajo y compromiso con los principios e ideales de nuestro Partido-Movimiento\u201d, poste\u00f3 en su cuenta de X.<br \/>\nSe trata de Jorge Luna en el municipio de Coatepec, un Pueblo M\u00e1gico cercano a la ciudad de\u00a0Xalapa, la capital veracruzana, ampliamente conocido por su importante producci\u00f3n cafetalera.<br \/>\nTambi\u00e9n se nombr\u00f3 a Manuel Alonso en el municipio de\u00a0C\u00f3rdoba, zona tambi\u00e9n conocida como la \u201cCiudad de los Treinta Caballeros\u201d, ya que fue fundada por 30 miembros de familias importantes de la regi\u00f3n. De la misma forma, se design\u00f3 a Jos\u00e9 G\u00f3mez en\u00a0R\u00edo Blanco, un municipio que, al igual que C\u00f3rdoba, se localiza en la regi\u00f3n de las Altas Monta\u00f1as en la zona centro del estado.<br \/>\nSe preparan para elecciones locales<br \/>\nComo parte de esa misma zona de\u00a0Veracruz, la presidenta nacional de Morena design\u00f3 a Alejandro Porras como promotor de la Cuarta Transformaci\u00f3n en el municipio de\u00a0Huatusco. Adem\u00e1s, Alcalde nombr\u00f3 promotor de la 4T a Daniel Cortina en el municipio de Tuxpan, una importante ciudad y puerto de la zona norte de la entidad veracruzana.<br \/>\nCabe recordar que en Veracruz se renovar\u00e1n las 212 alcald\u00edas, que incluyen mil 54 cargos p\u00fablicos. Los partidos est\u00e1n en una etapa de selecci\u00f3n de sus candidatas y candidatos. Por ese motivo, la dirigencia nacional de\u00a0Morena\u00a0ha dado a conocer de manera gradual los nombres de quienes ser\u00edan sus abanderados.<br \/>\nEl calendario oficial del\u00a0Organismo P\u00fablico Local Electoral de Veracruz\u00a0establece que las candidatas y los candidatos a las 212 presidencias municipales realizar\u00e1n campa\u00f1a del 29 de abril al 28 de mayo.<\/p>\n","protected":false},"excerpt":{"rendered":"<p>Luisa Alcalde, presidenta del partido oficialista, revel\u00f3 qui\u00e9nes ser\u00e1n los candidatos de la formaci\u00f3n guinda a las alcald\u00edas de cinco municipios veracruzanos La presidenta del\u00a0Movimiento de Regeneraci\u00f3n Nacional\u00a0(Morena), Luisa Alcalde, dio a conocer cinco nuevos nombramientos como Promotores de la Cuarta Transformaci\u00f3n en el estado de Veracruz, donde m\u00e1s adelante podr\u00edan consolidarse como los candidatos [&hellip;]<\/p>\n","protected":false},"author":8,"featured_media":48894,"comment_status":"closed","ping_status":"closed","sticky":false,"template":"","format":"standard","meta":{"footnotes":""},"categories":[55],"tags":[],"class_list":["post-48893","post","type-post","status-publish","format-standard","has-post-thumbnail","hentry","category-nacional"],"jetpack-related-posts":[],"_links":{"self":[{"href":"https:\/\/circulorojoslp.com\/index.php?rest_route=\/wp\/v2\/posts\/48893"}],"collection":[{"href":"https:\/\/circulorojoslp.com\/index.php?rest_route=\/wp\/v2\/posts"}],"about":[{"href":"https:\/\/circulorojoslp.com\/index.php?rest_route=\/wp\/v2\/types\/post"}],"author":[{"embeddable":true,"href":"https:\/\/circulorojoslp.com\/index.php?rest_route=\/wp\/v2\/users\/8"}],"replies":[{"embeddable":true,"href":"https:\/\/circulorojoslp.com\/index.php?rest_route=%2Fwp%2Fv2%2Fcomments&post=48893"}],"version-history":[{"count":0,"href":"https:\/\/circulorojoslp.com\/index.php?rest_route=\/wp\/v2\/posts\/48893\/revisions"}],"wp:featuredmedia":[{"embeddable":true,"href":"https:\/\/circulorojoslp.com\/index.php?rest_route=\/wp\/v2\/media\/48894"}],"wp:attachment":[{"href":"https:\/\/circulorojoslp.com\/index.php?rest_route=%2Fwp%2Fv2%2Fmedia&parent=48893"}],"wp:term":[{"taxonomy":"category","embeddable":true,"href":"https:\/\/circulorojoslp.com\/index.php?rest_route=%2Fwp%2Fv2%2Fcategories&post=48893"},{"taxonomy":"post_tag","embeddable":true,"href":"https:\/\/circulorojoslp.com\/index.php?rest_route=%2Fwp%2Fv2%2Ftags&post=48893"}],"curies":[{"name":"wp","href":"https:\/\/api.w.org\/{rel}","templated":true}]}}