{"id":48759,"date":"2025-03-11T22:40:13","date_gmt":"2025-03-12T04:40:13","guid":{"rendered":"https:\/\/circulorojoslp.com\/?p=48759"},"modified":"2025-03-11T22:40:13","modified_gmt":"2025-03-12T04:40:13","slug":"diputados-aprueban-en-comision-leyes-energeticas-de-sheinbaum","status":"publish","type":"post","link":"https:\/\/circulorojoslp.com\/?p=48759","title":{"rendered":"Diputados aprueban en comisi\u00f3n leyes energ\u00e9ticas de Sheinbaum"},"content":{"rendered":"<p>Las leyes energ\u00e9ticas, que establecen que la CFE estar\u00e1 a cargo de al menos el 54 por ciento del promedio anual de generaci\u00f3n el\u00e9ctrica del pa\u00eds, ser\u00e1 discutida el mi\u00e9rcoles en el Pleno de San L\u00e1zaro.<\/p>\n<p>La\u00a0Comisi\u00f3n\u00a0de Energ\u00eda de la\u00a0C\u00e1mara de Diputados\u00a0aprob\u00f3 las 10\u00a0iniciativas en materia energ\u00e9tica\u00a0que envi\u00f3 la presidenta\u00a0Claudia Sheinbaum, legislaciones\u00a0secundarias de la\u00a0reforma energ\u00e9tica del expresidente Andr\u00e9s Manuel L\u00f3pez Obrador\u00a0que da prevalencia a las empresas p\u00fablicas sobre las privadas.<br \/>\nSe trata las\u00a0ocho nuevas leyes: del Sector El\u00e9ctrico; del Sector de\u00a0Hidrocarburos; de la Empresa P\u00fablica del Estado, Comisi\u00f3n Federal de Electricidad; de la Empresa P\u00fablica del Estado, Petr\u00f3leos Mexicanos; de Planeaci\u00f3n y Transici\u00f3n Energ\u00e9tica; de la Comisi\u00f3n Nacional de Energ\u00eda; de Biocombustibles; y de Geotermia. As\u00ed como\u00a0reformas a diversas disposiciones de la Ley del Fondo Mexicano del Petr\u00f3leo para la Estabilizaci\u00f3n y el Desarrollo y Ley Org\u00e1nica de la Administraci\u00f3n P\u00fablica Federal.<br \/>\nLa diputada Roc\u00edo Abreu, presidenta de la Comisi\u00f3n de Energ\u00eda, explic\u00f3 que las\u00a0leyes secundarias permiten la apertura a los diferentes sectores para que\u00a0Pemex\u00a0tenga socios estrat\u00e9gicos.\u00a0<br \/>\nEn cuanto a\u00a0CFE, la legisladora dijo que se establece que la\u00a0paraestatal estar\u00e1 a cargo de al menos el\u00a054 por ciento del promedio anual de generaci\u00f3n el\u00e9ctrica del pa\u00eds\u00a0y deja a la\u00a0iniciativa privada el 46 por ciento.<br \/>\nCon las reformas, las\u00a0actividades de CFE y PEMEX no se considerar\u00e1n como monop\u00f3licas, se\u00a0extinguen las empresas productivas subsidiarias, se incorpora el eje de sostenibilidad\u00a0para la implementaci\u00f3n de directrices y pol\u00edticas generales en materia ambiental, social y de fortalecimiento institucional, as\u00ed como la\u00a0adopci\u00f3n de las mejores pr\u00e1cticas internacionales, est\u00e1ndares y certificaciones en materia sostenibilidad y fortalece el seguimiento y control de las filiales para identificar oportunidades y mejoras en la operaci\u00f3n cotidiana.<br \/>\nLa diputada Ver\u00f3nica Mart\u00ednez Garc\u00eda, del PRI, destac\u00f3 que un punto positivo es la\u00a0simplificaci\u00f3n de tr\u00e1mites para que hogares y negocios puedan generar su propia energ\u00eda con paneles solares o aerogeneradores\u00a0y la promoci\u00f3n de\u00a0proyectos de energ\u00eda limpia\u00a0en\u00a0conjunto con la iniciativa privada, no obstante dijo que \u201cno era necesario establecer la preponderancia del estado en materia energ\u00e9tica ya que siempre ha sido as\u00ed\u201d.<br \/>\n\u00a0<br \/>\nAgreg\u00f3 que con el nuevo marco jur\u00eddico se \u201celimina la posibilidad de que las empresas del Estado compitan en igualdad de condiciones con la iniciativa privada, ya que se aplicar\u00e1 una\u00a0regulaci\u00f3n asim\u00e9trica y no contempla contrapesos, lo que propicia opacidad y corrupci\u00f3n\u201d.<\/p>\n<p>Adem\u00e1s, se\u00a0crea la Comisi\u00f3n Nacional de Energ\u00eda, organismo adscrito a la Secretar\u00eda de Energ\u00eda, en sustituci\u00f3n de la Comisi\u00f3n Reguladora de Energ\u00eda (CRE) que se\u00a0extingui\u00f3 con la reforma en materia de simplificaci\u00f3n administrativa.\u00a0<\/p>\n","protected":false},"excerpt":{"rendered":"<p>Las leyes energ\u00e9ticas, que establecen que la CFE estar\u00e1 a cargo de al menos el 54 por ciento del promedio anual de generaci\u00f3n el\u00e9ctrica del pa\u00eds, ser\u00e1 discutida el mi\u00e9rcoles en el Pleno de San L\u00e1zaro. La\u00a0Comisi\u00f3n\u00a0de Energ\u00eda de la\u00a0C\u00e1mara de Diputados\u00a0aprob\u00f3 las 10\u00a0iniciativas en materia energ\u00e9tica\u00a0que envi\u00f3 la presidenta\u00a0Claudia Sheinbaum, legislaciones\u00a0secundarias de la\u00a0reforma energ\u00e9tica [&hellip;]<\/p>\n","protected":false},"author":8,"featured_media":48760,"comment_status":"closed","ping_status":"closed","sticky":false,"template":"","format":"standard","meta":{"footnotes":""},"categories":[55],"tags":[],"class_list":["post-48759","post","type-post","status-publish","format-standard","has-post-thumbnail","hentry","category-nacional"],"jetpack-related-posts":[],"_links":{"self":[{"href":"https:\/\/circulorojoslp.com\/index.php?rest_route=\/wp\/v2\/posts\/48759"}],"collection":[{"href":"https:\/\/circulorojoslp.com\/index.php?rest_route=\/wp\/v2\/posts"}],"about":[{"href":"https:\/\/circulorojoslp.com\/index.php?rest_route=\/wp\/v2\/types\/post"}],"author":[{"embeddable":true,"href":"https:\/\/circulorojoslp.com\/index.php?rest_route=\/wp\/v2\/users\/8"}],"replies":[{"embeddable":true,"href":"https:\/\/circulorojoslp.com\/index.php?rest_route=%2Fwp%2Fv2%2Fcomments&post=48759"}],"version-history":[{"count":0,"href":"https:\/\/circulorojoslp.com\/index.php?rest_route=\/wp\/v2\/posts\/48759\/revisions"}],"wp:featuredmedia":[{"embeddable":true,"href":"https:\/\/circulorojoslp.com\/index.php?rest_route=\/wp\/v2\/media\/48760"}],"wp:attachment":[{"href":"https:\/\/circulorojoslp.com\/index.php?rest_route=%2Fwp%2Fv2%2Fmedia&parent=48759"}],"wp:term":[{"taxonomy":"category","embeddable":true,"href":"https:\/\/circulorojoslp.com\/index.php?rest_route=%2Fwp%2Fv2%2Fcategories&post=48759"},{"taxonomy":"post_tag","embeddable":true,"href":"https:\/\/circulorojoslp.com\/index.php?rest_route=%2Fwp%2Fv2%2Ftags&post=48759"}],"curies":[{"name":"wp","href":"https:\/\/api.w.org\/{rel}","templated":true}]}}