{"id":48631,"date":"2025-03-01T16:05:45","date_gmt":"2025-03-01T22:05:45","guid":{"rendered":"https:\/\/circulorojoslp.com\/?p=48631"},"modified":"2025-03-01T16:05:45","modified_gmt":"2025-03-01T22:05:45","slug":"sheinbaum-inaugura-central-ciclo-combinado-salamanca","status":"publish","type":"post","link":"https:\/\/circulorojoslp.com\/?p=48631","title":{"rendered":"Sheinbaum inaugura Central Ciclo Combinado Salamanca"},"content":{"rendered":"<p>La mandataria recorri\u00f3 las instalaciones de la Central en compa\u00f1\u00eda de su equipo de trabajo<\/p>\n<p>Salamanca, Guanajuato.- La\u00a0Presidenta Claudia Sheinbaum\u00a0inaugur\u00f3 la Central Ciclo Combinado\u00a0Salamanca, en el estado de Guanajuato, la cual beneficia a m\u00e1s de 5 millones de habitantes, en aproximadamente 541 mil hogares en el pa\u00eds.<br \/>\nEste 1 de marzo, la primera mandataria hizo un recorrido por las instalaciones de esta Central, en compa\u00f1\u00eda de miembros de su equipo de trabajo y la Gobernadora del estado,\u00a0Libia Dennise Garc\u00eda.<br \/>\nEn el evento protocolario, la titular del Ejecutivo federal reiter\u00f3 la\u00a0Defensa<br \/>\n\u201cAqu\u00ed luchamos por la independencia y la soberan\u00eda de M\u00e9xico, somos un pa\u00eds libre independiente y soberano, y no entregamos los recursos de la naci\u00f3n a nadie, son del pueblo de M\u00e9xico y la naci\u00f3n\u201d, sostuvo Sheinbaum.<br \/>\nEn el evento, donde se devel\u00f3 una placa por la inauguraci\u00f3n, la\u00a0Presidenta\u00a0asegur\u00f3 que la Comisi\u00f3n Federal de Electricidad (CFE), encargada de ejecutar el proyecto de la Central, recupere su papel como principal generadora de energ\u00eda el\u00e9ctrica.<br \/>\n\u201cAhora tiene esta gran tarea de recuperar la soberan\u00eda energ\u00e9tica, la soberan\u00eda en la producci\u00f3n de energ\u00eda el\u00e9ctrica, de una manera sustentable y de una forma donde CFE recupere el centro de la generaci\u00f3n el\u00e9ctrica nacional\u201d, afirm\u00f3.<br \/>\nTambi\u00e9n reiter\u00f3 rl resultado de la aprobaci\u00f3n de la reforma energ\u00e9tica y sus leyes secundarias: no m\u00e1s subsidiarias en CFE.<br \/>\nLa titular de la Comisi\u00f3n,\u00a0Emilia Calleja, reconoci\u00f3 el esfuerzo de los trabajadores para concretar este proyecto.<br \/>\n\u201cEsta Central es el resultado de un equipo muy comprometido, con esp\u00edritu de servicio altamente profesional, y hoy con su visi\u00f3n<br \/>\nPresidenta, seguiremos avanzando de manera consistente a una nueva etapa de suministro energ\u00e9tico de M\u00e9xico\u201d, afirm\u00f3.<br \/>\nMientras que la Secretaria de Energ\u00eda, Luz Elena Gonz\u00e1lez, destac\u00f3 que con la reforma energ\u00e9tica, se revirti\u00f3 el proceso de desmantelamiento de esta empresa p\u00fablica.<br \/>\n\u201cHemos revertido el proceso desmantelamiento de la CFE, iniciado por las reformas privatizadoras desde 1993, pero con la mal llamada de\u00a02013.<br \/>\n\u201cDicha reformas debilitaron y fragmentaron a nuestra empresa p\u00fablica, lo que permitir\u00e1 operar de manera integrada, eficiente y sin ataduras que limiten su desarrollo\u201d, recalc\u00f3 Gonz\u00e1lez.<br \/>\nEl 14 de febrero de 2025, a las 00:00 horas, entr\u00f3 en operaci\u00f3n comercial la Central Ciclo Combinado Salamanca de la Comisi\u00f3n Federal de Electricidad (CFE), en el estado de Guanajuato.<br \/>\nCuenta con una capacidad instalada de 927.1 MW, con la que se beneficiar\u00e1 a m\u00e1s de 5 millones de habitantes, en aproximadamente 541 mil hogares en el pa\u00eds.<br \/>\nLa nueva Central de Ciclo Combinado Salamanca evita la producci\u00f3n de 3.5 millones de toneladas de di\u00f3xido de carbono al a\u00f1o, lo que equivale a retirar 750 mil autom\u00f3viles de circulaci\u00f3n.<br \/>\nReduce tambi\u00e9n el consumo anual de agua en 7.8 millones de metros c\u00fabicos, suficiente para suministrar el l\u00edquido a 130 mil hogares.<\/p>\n","protected":false},"excerpt":{"rendered":"<p>La mandataria recorri\u00f3 las instalaciones de la Central en compa\u00f1\u00eda de su equipo de trabajo Salamanca, Guanajuato.- La\u00a0Presidenta Claudia Sheinbaum\u00a0inaugur\u00f3 la Central Ciclo Combinado\u00a0Salamanca, en el estado de Guanajuato, la cual beneficia a m\u00e1s de 5 millones de habitantes, en aproximadamente 541 mil hogares en el pa\u00eds. Este 1 de marzo, la primera mandataria hizo [&hellip;]<\/p>\n","protected":false},"author":8,"featured_media":48632,"comment_status":"closed","ping_status":"closed","sticky":false,"template":"","format":"standard","meta":{"footnotes":""},"categories":[55],"tags":[],"class_list":["post-48631","post","type-post","status-publish","format-standard","has-post-thumbnail","hentry","category-nacional"],"jetpack-related-posts":[],"_links":{"self":[{"href":"https:\/\/circulorojoslp.com\/index.php?rest_route=\/wp\/v2\/posts\/48631"}],"collection":[{"href":"https:\/\/circulorojoslp.com\/index.php?rest_route=\/wp\/v2\/posts"}],"about":[{"href":"https:\/\/circulorojoslp.com\/index.php?rest_route=\/wp\/v2\/types\/post"}],"author":[{"embeddable":true,"href":"https:\/\/circulorojoslp.com\/index.php?rest_route=\/wp\/v2\/users\/8"}],"replies":[{"embeddable":true,"href":"https:\/\/circulorojoslp.com\/index.php?rest_route=%2Fwp%2Fv2%2Fcomments&post=48631"}],"version-history":[{"count":0,"href":"https:\/\/circulorojoslp.com\/index.php?rest_route=\/wp\/v2\/posts\/48631\/revisions"}],"wp:featuredmedia":[{"embeddable":true,"href":"https:\/\/circulorojoslp.com\/index.php?rest_route=\/wp\/v2\/media\/48632"}],"wp:attachment":[{"href":"https:\/\/circulorojoslp.com\/index.php?rest_route=%2Fwp%2Fv2%2Fmedia&parent=48631"}],"wp:term":[{"taxonomy":"category","embeddable":true,"href":"https:\/\/circulorojoslp.com\/index.php?rest_route=%2Fwp%2Fv2%2Fcategories&post=48631"},{"taxonomy":"post_tag","embeddable":true,"href":"https:\/\/circulorojoslp.com\/index.php?rest_route=%2Fwp%2Fv2%2Ftags&post=48631"}],"curies":[{"name":"wp","href":"https:\/\/api.w.org\/{rel}","templated":true}]}}