{"id":48597,"date":"2025-02-28T22:52:42","date_gmt":"2025-03-01T04:52:42","guid":{"rendered":"https:\/\/circulorojoslp.com\/?p=48597"},"modified":"2025-02-28T22:52:42","modified_gmt":"2025-03-01T04:52:42","slug":"premio-estatal-de-ciencia-y-tecnologia-de-nayarit-2024-reconocimiento-a-la-innovacion-y-la-investigacion","status":"publish","type":"post","link":"https:\/\/circulorojoslp.com\/?p=48597","title":{"rendered":"Premio Estatal de Ciencia y Tecnolog\u00eda de Nayarit 2024: Reconocimiento a la innovaci\u00f3n y la investigaci\u00f3n"},"content":{"rendered":"<p>El gobernador enfatiz\u00f3 la importancia que tiene la CyT en la entidad<\/p>\n<p>El\u00a0gobernador del estado\u00a0de\u00a0Nayarit,\u00a0Miguel \u00c1ngel Navarro Quintero,\u00a0asisti\u00f3\u00a0al\u00a0Consejo de Ciencia y Tecnolog\u00eda del Estado de Nayarit (COCYTEN), donde se llev\u00f3 a cabo la\u00a0entrega del Premio Estatal de Ciencia y Tecnolog\u00eda, \u201cMedalla Nayarit a la Investigaci\u00f3n Cient\u00edfica y Tecnol\u00f3gica 2024\u201d.<br \/>\nDurante su intervenci\u00f3n el\u00a0mandatario\u00a0estatal\u00a0destac\u00f3\u00a0que Nayarit ser\u00e1 tan grande como grande sea la ciencia, la investigaci\u00f3n y la educaci\u00f3n, y ser\u00e1 tan pr\u00f3spero un gobierno en su prop\u00f3sito social, como invierta en los procesos de investigaci\u00f3n:<br \/>\n\u201cPor el futuro de Nayarit y por el presente tambi\u00e9n de nosotros mismos, sigamos haciendo un esfuerzo, nunca se perder\u00e1 el rumbo si el hilo conductor es la educaci\u00f3n, es la investigaci\u00f3n, es la tecnolog\u00eda, es la ciencia, es el arte, aspectos b\u00e1sicos de las sociedades contempor\u00e1neas; M\u00e9xico acepta el reto y particularmente Nayarit, no queremos ser uno m\u00e1s de las 31 entidades, queremos ser los mejores porque tenemos los mejores investigadores e investigadoras, las mejores instituciones que habr\u00e1n de darle lustre a Nayarit del Siglo XXI\u201d.<br \/>\nGanadores fueron reconocidos por su trabajo diario<br \/>\nLos galardonados fueron: Medalla al M\u00e9rito a la Investigaci\u00f3n Cient\u00edfica y Tecnol\u00f3gica: Karla Susana Barr\u00f3n Arreola y Alfonso Nivardo Maeda Mart\u00ednez; Medalla al M\u00e9rito a la Comunicaci\u00f3n de la Ciencia y la Tecnolog\u00eda: Mar\u00eda del Refugio Navarro Hern\u00e1ndez y Sonia Guadalupe S\u00e1yago Ayerdi; y la Medalla para Nuevas Personas Investigadoras: Karina Janice Guadalupe D\u00edaz Res\u00e9ndiz y Luis Daniel Espinosa Chaurand.<br \/>\nEn este evento tambi\u00e9n estuvieron presentes la secretaria general de Gobierno, Roc\u00edo Esther Gonz\u00e1lez Garc\u00eda; el diputado presidente del H. Congreso del Estado de Nayarit, Salvador Casta\u00f1eda Rangel, y el director general del COCYTEN, Jos\u00e9 Luis Esqueda P\u00e9rez.<br \/>\n\u00bfQu\u00e9 es el Premio Estatal de Ciencia y Tecnolog\u00eda de Nayarit?<br \/>\nEl Premio Estatal de Ciencia y Tecnolog\u00eda de Nayarit es un reconocimiento otorgado por el gobierno del estado de Nayarit a personas, equipos o instituciones que han realizado contribuciones destacadas en el \u00e1mbito de la ciencia, la tecnolog\u00eda, la innovaci\u00f3n o el desarrollo de investigaciones que beneficien a la sociedad nayarita. Este premio tiene como objetivo promover la investigaci\u00f3n y el desarrollo cient\u00edfico, as\u00ed como incentivar la participaci\u00f3n de la comunidad acad\u00e9mica y cient\u00edfica en la resoluci\u00f3n de problemas locales y regionales.<br \/>\nEl premio se otorga a diversos campos del conocimiento, como:<\/p>\n<p>Ciencias sociales y humanidades<br \/>\nCiencias naturales y exactas<br \/>\nTecnolog\u00eda e innovaci\u00f3n<br \/>\nDesarrollo sustentable y medio ambiente<\/p>\n<p>A trav\u00e9s de este galard\u00f3n, se busca reconocer los esfuerzos de aquellos que contribuyen a la mejora del estado mediante la investigaci\u00f3n cient\u00edfica, la aplicaci\u00f3n de nuevas tecnolog\u00edas y la generaci\u00f3n de soluciones innovadoras. Este tipo de reconocimientos fomenta el desarrollo y la cultura cient\u00edfica en Nayarit, as\u00ed como el apoyo a la educaci\u00f3n y la formaci\u00f3n de nuevos talentos en ciencia y tecnolog\u00eda.<\/p>\n","protected":false},"excerpt":{"rendered":"<p>El gobernador enfatiz\u00f3 la importancia que tiene la CyT en la entidad El\u00a0gobernador del estado\u00a0de\u00a0Nayarit,\u00a0Miguel \u00c1ngel Navarro Quintero,\u00a0asisti\u00f3\u00a0al\u00a0Consejo de Ciencia y Tecnolog\u00eda del Estado de Nayarit (COCYTEN), donde se llev\u00f3 a cabo la\u00a0entrega del Premio Estatal de Ciencia y Tecnolog\u00eda, \u201cMedalla Nayarit a la Investigaci\u00f3n Cient\u00edfica y Tecnol\u00f3gica 2024\u201d. Durante su intervenci\u00f3n el\u00a0mandatario\u00a0estatal\u00a0destac\u00f3\u00a0que Nayarit ser\u00e1 [&hellip;]<\/p>\n","protected":false},"author":8,"featured_media":48598,"comment_status":"closed","ping_status":"closed","sticky":false,"template":"","format":"standard","meta":{"footnotes":""},"categories":[55],"tags":[],"class_list":["post-48597","post","type-post","status-publish","format-standard","has-post-thumbnail","hentry","category-nacional"],"jetpack-related-posts":[],"_links":{"self":[{"href":"https:\/\/circulorojoslp.com\/index.php?rest_route=\/wp\/v2\/posts\/48597"}],"collection":[{"href":"https:\/\/circulorojoslp.com\/index.php?rest_route=\/wp\/v2\/posts"}],"about":[{"href":"https:\/\/circulorojoslp.com\/index.php?rest_route=\/wp\/v2\/types\/post"}],"author":[{"embeddable":true,"href":"https:\/\/circulorojoslp.com\/index.php?rest_route=\/wp\/v2\/users\/8"}],"replies":[{"embeddable":true,"href":"https:\/\/circulorojoslp.com\/index.php?rest_route=%2Fwp%2Fv2%2Fcomments&post=48597"}],"version-history":[{"count":0,"href":"https:\/\/circulorojoslp.com\/index.php?rest_route=\/wp\/v2\/posts\/48597\/revisions"}],"wp:featuredmedia":[{"embeddable":true,"href":"https:\/\/circulorojoslp.com\/index.php?rest_route=\/wp\/v2\/media\/48598"}],"wp:attachment":[{"href":"https:\/\/circulorojoslp.com\/index.php?rest_route=%2Fwp%2Fv2%2Fmedia&parent=48597"}],"wp:term":[{"taxonomy":"category","embeddable":true,"href":"https:\/\/circulorojoslp.com\/index.php?rest_route=%2Fwp%2Fv2%2Fcategories&post=48597"},{"taxonomy":"post_tag","embeddable":true,"href":"https:\/\/circulorojoslp.com\/index.php?rest_route=%2Fwp%2Fv2%2Ftags&post=48597"}],"curies":[{"name":"wp","href":"https:\/\/api.w.org\/{rel}","templated":true}]}}