{"id":48589,"date":"2025-02-28T22:28:13","date_gmt":"2025-03-01T04:28:13","guid":{"rendered":"https:\/\/circulorojoslp.com\/?p=48589"},"modified":"2025-02-28T22:28:13","modified_gmt":"2025-03-01T04:28:13","slug":"mas-de-3-500-elementos-participaron-en-la-entrega-sin-precedentes-de-29-narcos-mexicanos-a-estados-unidos","status":"publish","type":"post","link":"https:\/\/circulorojoslp.com\/?p=48589","title":{"rendered":"M\u00e1s de 3.500 elementos participaron en la entrega \u201csin precedentes\u201d de 29 narcos mexicanos a Estados Unidos"},"content":{"rendered":"<p>El Gobierno de M\u00e9xico sac\u00f3 este viernes a la luz nuevos detalles sobre el operativo masivo para\u00a0la entrega de 29 narcotraficantes de alta peligrosidad a Estados Unidos.<br \/>\n\u201cEste es un acto de autoridad que no tiene precedentes\u201d, afirm\u00f3\u00a0Omar Garc\u00eda Harfuch, el zar anticrimen de Claudia Sheinbaum, y destac\u00f3 que m\u00e1s de 3.512 elementos, 342 veh\u00edculos y 20 aeronaves fueron desplegados para concretar los traslados.<br \/>\nEn medio de la pol\u00e9mica sobre las condiciones jur\u00eddicas de las personas entregadas, las autoridades reconocieron que no se trataron de extradiciones, sino expulsiones \u201cpor motivos de seguridad nacional\u201d.<br \/>\nEl fiscal general, Alejandro Gertz Manero, asegur\u00f3 que el golpe hist\u00f3rico al crimen organizado parti\u00f3 de una solicitud de Estados Unidos, \u201cel \u00fanico motivo que deton\u00f3 todo el procedimiento\u201d y sostuvieron que estuvo apegado al \u201crespeto de la soberan\u00eda mexicana\u201d.<br \/>\nLos altos funcionarios evitaron hablar p\u00fablicamente de los capos como \u201cmoneda de cambio\u201d para mitigar las presiones arancelarias de Donald Trump y dejaron en el aire los avances en la mesa de negociaciones con Washington.<\/p>\n<p>\u201cNo se registr\u00f3 ning\u00fan tipo de incidente en estas operaciones\u201d, asegur\u00f3 Garc\u00eda Harfuch, quien justific\u00f3 el env\u00edo de los narcotraficantes por los \u201cdelitos atroces\u201d que cometieron en ambos pa\u00edses y los retrasos en los procesos formales de extradici\u00f3n en los tribunales mexicanos. <\/p>\n<p>\u201cRepresentan una amenaza a la seguridad de nuestro pa\u00eds y de Estados Unidos\u201d, asegur\u00f3 el secretario de Seguridad. \u201cLos m\u00e1s beneficiados somos los mexicanos\u201d, agreg\u00f3 el funcionario en una accidentada conferencia de prensa.<\/p>\n<p> \u201cLas acciones de custodia y traslado de estas personas se realizaron en apego a los protocolos institucionales y se cont\u00f3 en todo momento con personal m\u00e9dico y jur\u00eddico para garantizar el debido respeto de sus derechos humanos\u201d, subray\u00f3. Gertz amag\u00f3, incluso, con llevar ante la justicia a los jueces que frenaron las extradiciones \u201cen algunos casos hasta por 40 a\u00f1os\u201d.<\/p>\n<p>Washington sac\u00f3 pech\u00f3 de la entrega de los 29 capos que ahora est\u00e1n bajo custodia estadounidense, sobre todo del traslado de\u00a0Rafael Caro Quintero, que pone fin a una obsesi\u00f3n de cuatro d\u00e9cadas de la\u00a0DEA\u00a0tras el brutal asesinato del agente encubierto Enrique\u00a0Kiki\u00a0Camarena en los ochenta y supone un trofeo codiciado para Trump.<br \/>\n \u201cEstas acciones son consecuencia de una Casa Blanca que negocia desde una posici\u00f3n de fuerza\u201d, se lee en un comunicado publicado tras el anuncio oficial. \u201cSe manda un mensaje a cada l\u00edder de los c\u00e1rteles, a cada traficante, a cada criminal que envenena a nuestras comunidades: se les har\u00e1 responsables, no importa cu\u00e1nto tiempo tome ni cu\u00e1n lejos huyan, la justicia los encontrar\u00e1\u201d, se agrega.<\/p>\n<p>La actual Administraci\u00f3n tundi\u00f3 al Gobierno de Joe Biden por no lograr las entregas antes y \u201cpermitir que estos criminales est\u00e9n libres y cometan delitos por todo el mundo\u201d.<br \/>\n\u201cTrump ha declarado como terroristas a estos matones, porque es lo que son, y ha exigido justicia para el pueblo estadounidense\u201d, se\u00f1al\u00f3 la portavoz de la Casa Blanca, Karoline Leavitt. Washington asegur\u00f3 que la designaci\u00f3n de los c\u00e1rteles puede impactar en los procesos judiciales de los capos trasladados, con la posibilidad de que se les finquen cargos por terrorismo y se les imponga la pena de muerte en algunos casos.<br \/>\nLa pena capital planea en la causa de\u00a0Caro Quintero, un asunto \u201cpersonal\u201d, seg\u00fan reconoci\u00f3 la propia DEA. La primera presentaci\u00f3n del capo ante un juez de instrucci\u00f3n en la Corte de Brooklyn, la misma que lleva el proceso contra\u00a0Ismael\u00a0El Mayo\u00a0Zambada, se program\u00f3 para este viernes.<\/p>\n<p>En tono m\u00e1s diplom\u00e1tico, el Departamento de Estado reconoci\u00f3 al Gobierno mexicano por los esfuerzos para \u201chacer a nuestras naciones m\u00e1s seguras\u201d y anunci\u00f3 que se acord\u00f3 una hoja de ruta y un calendario entre ambos pa\u00edses para darles seguimiento.<br \/>\n \u201cFueron en ambos casos muy buenas reuniones, se establecieron los principios de coordinaci\u00f3n y colaboraci\u00f3n\u201d, se\u00f1al\u00f3\u00a0Sheinbaum\u00a0sobre los encuentros sobre Seguridad y Comercio celebrados esta semana en Washington.<br \/>\nLa presidenta dijo que este viernes se iban a afinar los \u00faltimos detalles para la llamada que sostendr\u00e1 con Trump con el objetivo de negociar una nueva pausa en la imposici\u00f3n de aranceles a los productos mexicanos.<br \/>\n\u201cTodav\u00eda faltan tres d\u00edas\u201d, coment\u00f3 sobre el plazo de la pr\u00f3rroga actual y si la entrega de los capos fue una condici\u00f3n para evitar el castigo en el terreno econ\u00f3mico.<br \/>\nEn contraste con la euforia tras el acuerdo alcanzado el pasado 3 de febrero, la mandataria no entr\u00f3 en detalles sobre los avances en la mesa bilateral de negociaciones y esta vez deleg\u00f3 el informe a los miembros de su Gabinete. S\u00ed aprovech\u00f3 para culpar al sistema judicial de lastrar los procesos de extradici\u00f3n.<br \/>\n\u201cLa corrupci\u00f3n en el Poder Judicial de nuestro pa\u00eds es aberrante y ofensiva\u201d, asegur\u00f3 y defendi\u00f3\u00a0la controvertida reforma impulsada por Andr\u00e9s Manuel L\u00f3pez Obrador, su predecesor, para la elecci\u00f3n de jueces, magistrados y ministros de la Suprema Corte por voto popular.<br \/>\nLa mira sigue puesta en el pr\u00f3ximo martes, el d\u00eda clave para confirmar si el traslado hist\u00f3rico ofrecido por M\u00e9xico ser\u00e1 suficiente para mitigar las presiones arancelarias de Trump.<\/p>\n","protected":false},"excerpt":{"rendered":"<p>El Gobierno de M\u00e9xico sac\u00f3 este viernes a la luz nuevos detalles sobre el operativo masivo para\u00a0la entrega de 29 narcotraficantes de alta peligrosidad a Estados Unidos. \u201cEste es un acto de autoridad que no tiene precedentes\u201d, afirm\u00f3\u00a0Omar Garc\u00eda Harfuch, el zar anticrimen de Claudia Sheinbaum, y destac\u00f3 que m\u00e1s de 3.512 elementos, 342 veh\u00edculos [&hellip;]<\/p>\n","protected":false},"author":8,"featured_media":48590,"comment_status":"closed","ping_status":"closed","sticky":false,"template":"","format":"standard","meta":{"footnotes":""},"categories":[55],"tags":[],"class_list":["post-48589","post","type-post","status-publish","format-standard","has-post-thumbnail","hentry","category-nacional"],"jetpack-related-posts":[],"_links":{"self":[{"href":"https:\/\/circulorojoslp.com\/index.php?rest_route=\/wp\/v2\/posts\/48589"}],"collection":[{"href":"https:\/\/circulorojoslp.com\/index.php?rest_route=\/wp\/v2\/posts"}],"about":[{"href":"https:\/\/circulorojoslp.com\/index.php?rest_route=\/wp\/v2\/types\/post"}],"author":[{"embeddable":true,"href":"https:\/\/circulorojoslp.com\/index.php?rest_route=\/wp\/v2\/users\/8"}],"replies":[{"embeddable":true,"href":"https:\/\/circulorojoslp.com\/index.php?rest_route=%2Fwp%2Fv2%2Fcomments&post=48589"}],"version-history":[{"count":0,"href":"https:\/\/circulorojoslp.com\/index.php?rest_route=\/wp\/v2\/posts\/48589\/revisions"}],"wp:featuredmedia":[{"embeddable":true,"href":"https:\/\/circulorojoslp.com\/index.php?rest_route=\/wp\/v2\/media\/48590"}],"wp:attachment":[{"href":"https:\/\/circulorojoslp.com\/index.php?rest_route=%2Fwp%2Fv2%2Fmedia&parent=48589"}],"wp:term":[{"taxonomy":"category","embeddable":true,"href":"https:\/\/circulorojoslp.com\/index.php?rest_route=%2Fwp%2Fv2%2Fcategories&post=48589"},{"taxonomy":"post_tag","embeddable":true,"href":"https:\/\/circulorojoslp.com\/index.php?rest_route=%2Fwp%2Fv2%2Ftags&post=48589"}],"curies":[{"name":"wp","href":"https:\/\/api.w.org\/{rel}","templated":true}]}}