{"id":48521,"date":"2025-02-26T13:27:18","date_gmt":"2025-02-26T19:27:18","guid":{"rendered":"https:\/\/circulorojoslp.com\/?p=48521"},"modified":"2025-02-26T13:27:18","modified_gmt":"2025-02-26T19:27:18","slug":"aranceles-a-mexico-y-canada-se-aplicaran-el-2-de-abril-trump","status":"publish","type":"post","link":"https:\/\/circulorojoslp.com\/?p=48521","title":{"rendered":"Aranceles a M\u00e9xico y Canad\u00e1 se aplicar\u00e1n el 2 de abril: Trump"},"content":{"rendered":"<p>El presidente de Estados Unidos dijo que no se aplicar\u00e1n todos los aranceles, \u201cpero s\u00ed muchos\u201d<\/p>\n<p>El presidente de Estados Unidos,\u00a0Donald Trump, afirm\u00f3 este mi\u00e9rcoles que los\u00a0aranceles del 25 por ciento a los productos canadienses\u00a0y\u00a0mexicanos\u00a0entrar\u00e1n en vigor el\u00a02 de abril\u00a0si para el 4 de marzo, fecha inicialmente prevista, los dos pa\u00edses demuestran que ha habido\u00a0avances en la frontera.<br \/>\nPreguntado por la entrada en vigor de esos grav\u00e1menes, contest\u00f3 en la primera reuni\u00f3n de gabinete de su mandato: \u201cEl 2 de abril\u201d. \u201c\u00bfPara M\u00e9xico y Canad\u00e1?\u201d, le dijo una periodista. \u201cCorrecto. Y para todo\u201d.<br \/>\nEl secretario de Comercio, Howard Lutnick, record\u00f3 que actualmente hay una \u201cpausa\u201d\u00a0hasta el 4 de marzo para los aranceles\u00a0previstos para esos dos pa\u00edses por el\u00a0tr\u00e1fico de fentanilo e inmigraci\u00f3n en la frontera\u00a0y que si demuestran que han hecho \u201cun excelente posible\u201d\u00a0otra pausa es posible.<br \/>\n\u201cLa gran transacci\u00f3n en su conjunto es el 2 de abril, pero lo relacionado con el\u00a0fentanilo, est\u00e1n trabajando fuerte en la frontera. Al final de esos 30 d\u00edas tienen que probar al presidente que le han satisfecho al respecto. Si lo han hecho, habr\u00e1 una pausa\u201d, sostuvo.<br \/>\nTrump a\u00f1adi\u00f3 que\u00a0su intenci\u00f3n no es frenar los aranceles\u00a0y record\u00f3 que aunque la fecha prevista era el 1 de abril, D\u00eda de los Inocentes en Estados Unidos, lo retras\u00f3 un d\u00eda porque es \u201cun poco supersticioso\u201d.<br \/>\n\u201cLos aranceles contin\u00faan, no todos, pero s\u00ed muchos. Se han aprovechado como pa\u00eds durante un largo per\u00edodo de tiempo. Nos han aplicado aranceles y nosotros no lo hemos hecho\u201d, dijo el l\u00edder republicano.<br \/>\nLos aranceles a M\u00e9xico y Canad\u00e1 iban a entrar en vigor el 4 de marzo, tras haberlos aplazado un mes despu\u00e9s de que esos dos pa\u00edses accedieran a incrementar el control fronterizo para frenar los flujos migratorios y de fentanilo.<br \/>\n\u201cEs ahora muy dif\u00edcil atravesar la frontera, pero el da\u00f1o ya est\u00e1 hecho\u201d, insisti\u00f3 Trump.<\/p>\n<p>Los\u00a0aranceles\u00a0que s\u00ed hab\u00edan sido anunciados para el 2 de abril son los\u00a0contemplados contra el sector del\u00a0autom\u00f3vil. Ese plan, informado el 14 de febrero, se produjo un d\u00eda despu\u00e9s de que firmara un\u00a0memorando\u00a0para imponer \u201caranceles rec\u00edprocos\u201d a los pa\u00edses que gravan productos estadounidenses, con el objetivo de\u00a0igualar las tarifas que esas naciones aplican a las exportaciones de EU.<\/p>\n","protected":false},"excerpt":{"rendered":"<p>El presidente de Estados Unidos dijo que no se aplicar\u00e1n todos los aranceles, \u201cpero s\u00ed muchos\u201d El presidente de Estados Unidos,\u00a0Donald Trump, afirm\u00f3 este mi\u00e9rcoles que los\u00a0aranceles del 25 por ciento a los productos canadienses\u00a0y\u00a0mexicanos\u00a0entrar\u00e1n en vigor el\u00a02 de abril\u00a0si para el 4 de marzo, fecha inicialmente prevista, los dos pa\u00edses demuestran que ha habido\u00a0avances [&hellip;]<\/p>\n","protected":false},"author":8,"featured_media":48522,"comment_status":"closed","ping_status":"closed","sticky":false,"template":"","format":"standard","meta":{"footnotes":""},"categories":[55],"tags":[],"class_list":["post-48521","post","type-post","status-publish","format-standard","has-post-thumbnail","hentry","category-nacional"],"jetpack-related-posts":[],"_links":{"self":[{"href":"https:\/\/circulorojoslp.com\/index.php?rest_route=\/wp\/v2\/posts\/48521"}],"collection":[{"href":"https:\/\/circulorojoslp.com\/index.php?rest_route=\/wp\/v2\/posts"}],"about":[{"href":"https:\/\/circulorojoslp.com\/index.php?rest_route=\/wp\/v2\/types\/post"}],"author":[{"embeddable":true,"href":"https:\/\/circulorojoslp.com\/index.php?rest_route=\/wp\/v2\/users\/8"}],"replies":[{"embeddable":true,"href":"https:\/\/circulorojoslp.com\/index.php?rest_route=%2Fwp%2Fv2%2Fcomments&post=48521"}],"version-history":[{"count":0,"href":"https:\/\/circulorojoslp.com\/index.php?rest_route=\/wp\/v2\/posts\/48521\/revisions"}],"wp:featuredmedia":[{"embeddable":true,"href":"https:\/\/circulorojoslp.com\/index.php?rest_route=\/wp\/v2\/media\/48522"}],"wp:attachment":[{"href":"https:\/\/circulorojoslp.com\/index.php?rest_route=%2Fwp%2Fv2%2Fmedia&parent=48521"}],"wp:term":[{"taxonomy":"category","embeddable":true,"href":"https:\/\/circulorojoslp.com\/index.php?rest_route=%2Fwp%2Fv2%2Fcategories&post=48521"},{"taxonomy":"post_tag","embeddable":true,"href":"https:\/\/circulorojoslp.com\/index.php?rest_route=%2Fwp%2Fv2%2Ftags&post=48521"}],"curies":[{"name":"wp","href":"https:\/\/api.w.org\/{rel}","templated":true}]}}