{"id":48507,"date":"2025-02-25T17:31:10","date_gmt":"2025-02-25T23:31:10","guid":{"rendered":"https:\/\/circulorojoslp.com\/?p=48507"},"modified":"2025-02-25T17:31:10","modified_gmt":"2025-02-25T23:31:10","slug":"eduardo-verastegui-registra-al-partido-movimiento-viva-mexico-ante-el-ine","status":"publish","type":"post","link":"https:\/\/circulorojoslp.com\/?p=48507","title":{"rendered":"Eduardo Ver\u00e1stegui registra al partido Movimiento Viva M\u00e9xico ante el INE"},"content":{"rendered":"<p>El actor y productor mexicano\u00a0Eduardo Ver\u00e1stegui\u00a0anunci\u00f3 que el\u00a0Instituto Nacional Electoral (INE)\u00a0autoriz\u00f3 oficialmente el proceso de conformaci\u00f3n de su partido pol\u00edtico\u00a0Movimiento Viva M\u00e9xico.<br \/>\nA trav\u00e9s de su cuenta en X, Ver\u00e1stegui celebr\u00f3 este paso, asegurando que su movimiento representa los valores de \u201cvida, familia y libertad\u201d.<br \/>\nMovimiento Viva M\u00e9xico inicia su conformaci\u00f3n<br \/>\nEl anuncio de Ver\u00e1stegui coincidi\u00f3 con el\u00a0D\u00eda de la Bandera, el 24 de febrero, fecha en la que destac\u00f3 que su partido busca ser una alternativa para los mexicanos que comparten su visi\u00f3n.<br \/>\n\u201cDurante a\u00f1os, millones de ciudadanos han esperado una opci\u00f3n pol\u00edtica que realmente represente sus valores y aspiraciones\u201d, afirm\u00f3 el tambi\u00e9n productor de Sound of Freedom.<br \/>\nAdem\u00e1s, calific\u00f3 la fundaci\u00f3n de Movimiento Viva M\u00e9xico como un \u201cdespertar de una fuerza nacional\u201d que proteger\u00e1 la cultura y ra\u00edces del pa\u00eds. Por ello, hizo un llamado a sus seguidores a sumarse al proyecto y participar activamente en la vida pol\u00edtica de M\u00e9xico.<\/p>\n<p>\u00bfQui\u00e9n es Eduardo Ver\u00e1stegui?<br \/>\nVer\u00e1stegui inici\u00f3 su carrera en el mundo del espect\u00e1culo, primero como integrante del grupo musical\u00a0Kairo\u00a0y posteriormente como actor en\u00a0telenovelas. A lo largo de los a\u00f1os, se ha posicionado como activista en temas de familia y derechos humanos, recibiendo un doctorado Honoris Causa por su labor en educaci\u00f3n y servicio social.<br \/>\nEn el \u00e1mbito pol\u00edtico, fue asesor en la primera administraci\u00f3n del presidente de Estados Unidos,\u00a0Donald Trump, y ha participado en eventos de la derecha conservadora a nivel internacional.<\/p>\n<p>Trayectoria pol\u00edtica de Eduardo Ver\u00e1stegui<br \/>\nEduardo Ver\u00e1stegui ha estado vinculado a la pol\u00edtica en los \u00faltimos a\u00f1os, siendo una figura cercana a los sectores conservadores. En 2023, busc\u00f3 una candidatura independiente para la\u00a0presidencia de M\u00e9xico, pero no logr\u00f3 reunir el n\u00famero necesario de firmas para aparecer en la boleta electoral de 2024.<br \/>\nRecientemente, tambi\u00e9n fue se\u00f1alado por supuestamente hacer un\u00a0saludo nazi\u00a0durante su participaci\u00f3n en la Conferencia de Acci\u00f3n Pol\u00edtica Conservadora (CPAC) en Maryland, evento vinculado a la ultraderecha en Estados Unidos.Ahora, con\u00a0Movimiento Viva M\u00e9xico, el actor busca consolidarse dentro del escenario pol\u00edtico nacional.<\/p>\n","protected":false},"excerpt":{"rendered":"<p>El actor y productor mexicano\u00a0Eduardo Ver\u00e1stegui\u00a0anunci\u00f3 que el\u00a0Instituto Nacional Electoral (INE)\u00a0autoriz\u00f3 oficialmente el proceso de conformaci\u00f3n de su partido pol\u00edtico\u00a0Movimiento Viva M\u00e9xico. A trav\u00e9s de su cuenta en X, Ver\u00e1stegui celebr\u00f3 este paso, asegurando que su movimiento representa los valores de \u201cvida, familia y libertad\u201d. Movimiento Viva M\u00e9xico inicia su conformaci\u00f3n El anuncio de Ver\u00e1stegui [&hellip;]<\/p>\n","protected":false},"author":8,"featured_media":48508,"comment_status":"closed","ping_status":"closed","sticky":false,"template":"","format":"standard","meta":{"footnotes":""},"categories":[55],"tags":[],"class_list":["post-48507","post","type-post","status-publish","format-standard","has-post-thumbnail","hentry","category-nacional"],"jetpack-related-posts":[],"_links":{"self":[{"href":"https:\/\/circulorojoslp.com\/index.php?rest_route=\/wp\/v2\/posts\/48507"}],"collection":[{"href":"https:\/\/circulorojoslp.com\/index.php?rest_route=\/wp\/v2\/posts"}],"about":[{"href":"https:\/\/circulorojoslp.com\/index.php?rest_route=\/wp\/v2\/types\/post"}],"author":[{"embeddable":true,"href":"https:\/\/circulorojoslp.com\/index.php?rest_route=\/wp\/v2\/users\/8"}],"replies":[{"embeddable":true,"href":"https:\/\/circulorojoslp.com\/index.php?rest_route=%2Fwp%2Fv2%2Fcomments&post=48507"}],"version-history":[{"count":0,"href":"https:\/\/circulorojoslp.com\/index.php?rest_route=\/wp\/v2\/posts\/48507\/revisions"}],"wp:featuredmedia":[{"embeddable":true,"href":"https:\/\/circulorojoslp.com\/index.php?rest_route=\/wp\/v2\/media\/48508"}],"wp:attachment":[{"href":"https:\/\/circulorojoslp.com\/index.php?rest_route=%2Fwp%2Fv2%2Fmedia&parent=48507"}],"wp:term":[{"taxonomy":"category","embeddable":true,"href":"https:\/\/circulorojoslp.com\/index.php?rest_route=%2Fwp%2Fv2%2Fcategories&post=48507"},{"taxonomy":"post_tag","embeddable":true,"href":"https:\/\/circulorojoslp.com\/index.php?rest_route=%2Fwp%2Fv2%2Ftags&post=48507"}],"curies":[{"name":"wp","href":"https:\/\/api.w.org\/{rel}","templated":true}]}}