{"id":47964,"date":"2025-01-24T13:01:58","date_gmt":"2025-01-24T19:01:58","guid":{"rendered":"https:\/\/circulorojoslp.com\/?p=47964"},"modified":"2025-01-24T13:01:58","modified_gmt":"2025-01-24T19:01:58","slug":"sheinbaum-externa-solidaridad-con-familia-de-ninos-asesinados-en-sinaloa-y-defiende-estrategia-de-seguridad","status":"publish","type":"post","link":"https:\/\/circulorojoslp.com\/?p=47964","title":{"rendered":"Sheinbaum externa solidaridad con familia de ni\u00f1os asesinados en Sinaloa y defiende estrategia de seguridad"},"content":{"rendered":"<p>La Presidenta insisti\u00f3 en que la estrategia de seguridad para Sinaloa es la correcta y que se prioriza la atenci\u00f3n a las causas.<\/p>\n<p>La\u00a0presidenta Claudia Sheinbaum\u00a0extern\u00f3 su solidaridad con\u00a0la familia de Sinaloa que fue atacada por un grupo armado\u00a0el pasado 19 de enero en Culiac\u00e1n, siendo\u00a0asesinados los hermanos Alexander y Gael y su padre, en medio de la\u00a0crisis de violencia\u00a0que atraviesa ese estado.<br \/>\nMi solidaridad con lo que pas\u00f3 con la familia en Sinaloa. Le ped\u00ed a la secretaria Rosa Icela que entrara en contacto con ellos<br \/>\nEl caso ha generado\u00a0indignaci\u00f3n en Culiac\u00e1n\u00a0y ayer hubo una serie de\u00a0manifestaciones para exigir justicia por Alexander, Gael y Antonio. La protesta se moviliz\u00f3 con consignas como\u00a0\u201cFuera Rocha\u201d y \u201cQueremos paz\u201d, llegando hasta el Palacio de Gobierno en donde no hubo aparici\u00f3n p\u00fablica del mandatario estatal,\u00a0Rub\u00e9n Rocha Moya.<br \/>\nAl hablar de la estrategia de seguridad de su gobierno durante la conferencia matutina, espec\u00edficamente de la atenci\u00f3n a las causas, la mandataria afirm\u00f3 que\u00a0\u201cestamos dando resultados y se van a dar resultados\u201d,\u00a0y reiter\u00f3 que hace poco se reforz\u00f3 la seguridad en Sinaloa.<br \/>\nEl estado de\u00a0Sinaloa atraviesa una ola de violencia\u00a0a ra\u00edz de los enfrentamientos entre\u00a0Los Chapitos y La Mayiza, las dos principales facciones del C\u00e1rtel del Sinaloa y que se encuentra en una permanente disputa armada desde septiembre pasado.<br \/>\n\u201cSe hizo un refuerzo en Sinaloa hace unos d\u00edas y diario estamos revisando los resultados\u00a0(\u2026) El secretario de Seguridad (Omar Garc\u00eda Harfuch) ha estado ah\u00ed y va a seguir ah\u00ed\u201d, dijo la presidenta al recordar que hay una permanente coordinaci\u00f3n entre las instituciones como la Secretar\u00eda de la Defensa Nacional y la Secretar\u00eda de Marina.<br \/>\nEs integral la estrategia; tiene que ver con la atenci\u00f3n a las causas (\u2026) es fundamental porque nosotros no queremos que ning\u00fan joven mexicano se acerque a un grupo delictivo pensando que es una opci\u00f3n de vida, cuando es una opci\u00f3n de muerte<br \/>\n\u00f1adi\u00f3 que su estrategia tambi\u00e9n incluye\u00a0fortalecer la Guardia Nacional, fortalecer la investigaci\u00f3n y la inteligencia para avanzar en la cero impunidad con carpetas de investigaci\u00f3n que consigan sentencias.<\/p>\n","protected":false},"excerpt":{"rendered":"<p>La Presidenta insisti\u00f3 en que la estrategia de seguridad para Sinaloa es la correcta y que se prioriza la atenci\u00f3n a las causas. La\u00a0presidenta Claudia Sheinbaum\u00a0extern\u00f3 su solidaridad con\u00a0la familia de Sinaloa que fue atacada por un grupo armado\u00a0el pasado 19 de enero en Culiac\u00e1n, siendo\u00a0asesinados los hermanos Alexander y Gael y su padre, en [&hellip;]<\/p>\n","protected":false},"author":8,"featured_media":47965,"comment_status":"closed","ping_status":"closed","sticky":false,"template":"","format":"standard","meta":{"footnotes":""},"categories":[55],"tags":[],"class_list":["post-47964","post","type-post","status-publish","format-standard","has-post-thumbnail","hentry","category-nacional"],"jetpack-related-posts":[],"_links":{"self":[{"href":"https:\/\/circulorojoslp.com\/index.php?rest_route=\/wp\/v2\/posts\/47964"}],"collection":[{"href":"https:\/\/circulorojoslp.com\/index.php?rest_route=\/wp\/v2\/posts"}],"about":[{"href":"https:\/\/circulorojoslp.com\/index.php?rest_route=\/wp\/v2\/types\/post"}],"author":[{"embeddable":true,"href":"https:\/\/circulorojoslp.com\/index.php?rest_route=\/wp\/v2\/users\/8"}],"replies":[{"embeddable":true,"href":"https:\/\/circulorojoslp.com\/index.php?rest_route=%2Fwp%2Fv2%2Fcomments&post=47964"}],"version-history":[{"count":0,"href":"https:\/\/circulorojoslp.com\/index.php?rest_route=\/wp\/v2\/posts\/47964\/revisions"}],"wp:featuredmedia":[{"embeddable":true,"href":"https:\/\/circulorojoslp.com\/index.php?rest_route=\/wp\/v2\/media\/47965"}],"wp:attachment":[{"href":"https:\/\/circulorojoslp.com\/index.php?rest_route=%2Fwp%2Fv2%2Fmedia&parent=47964"}],"wp:term":[{"taxonomy":"category","embeddable":true,"href":"https:\/\/circulorojoslp.com\/index.php?rest_route=%2Fwp%2Fv2%2Fcategories&post=47964"},{"taxonomy":"post_tag","embeddable":true,"href":"https:\/\/circulorojoslp.com\/index.php?rest_route=%2Fwp%2Fv2%2Ftags&post=47964"}],"curies":[{"name":"wp","href":"https:\/\/api.w.org\/{rel}","templated":true}]}}