{"id":47495,"date":"2024-12-27T13:46:55","date_gmt":"2024-12-27T19:46:55","guid":{"rendered":"https:\/\/circulorojoslp.com\/?p=47495"},"modified":"2024-12-27T13:46:55","modified_gmt":"2024-12-27T19:46:55","slug":"grupo-elektra-saldra-de-la-bolsa-mexicana-de-valores","status":"publish","type":"post","link":"https:\/\/circulorojoslp.com\/?p=47495","title":{"rendered":"Grupo Elektra saldr\u00e1 de la Bolsa Mexicana de Valores"},"content":{"rendered":"<p>Los accionistas tambi\u00e9n designaron a un nuevo consejo de administraci\u00f3n, cuyo presidente es Pedro Padilla Longoria, mientras el presidente honorario ser\u00e1 Ricardo Salinas Pliego.<\/p>\n<p>Grupo Elektra, propiedad del\u00a0empresario mexicano Ricardo Salinas Pliego, saldr\u00e1 de la Bolsa Mexicana de Valores (BMV)\u00a0como parte de una estrategia corporativa de largo plazo.<br \/>\nEn un comunicado enviado a la BMV, la empresa detall\u00f3 que\u00a0la salida tambi\u00e9n tiene como fin reorganizarse y fortalecerse\u00a0a partir de sus amplios y diversos activos, tanto digitales y f\u00edsicos, as\u00ed como nacionales e internacionales, y encontrar herramientas financieras que permitan maximizar su valor real.<br \/>\nLa\u00a0salida de Grupo Elektra de la BMV se aprob\u00f3\u00a0luego de celebrar una\u00a0asamblea general ordinaria y extraordinaria de accionistas\u00a0este 27 de diciembre.<br \/>\n\u201cGracias a esta reorganizaci\u00f3n y con un claro mandato a los consejeros de dedicar su experiencia y capacidad para potenciar las capacidades de Grupo Elektra, el\u00a0futuro de sus empresas\u00a0ser\u00e1 a\u00fan m\u00e1s exitoso y pr\u00f3spero para todos, clientes, accionistas y colaboradores\u201d, agreg\u00f3 la\u00a0firma de servicios financieros y de comercio.<br \/>\nFue el pasado 27 de noviembre cuando Grupo Elektra anunci\u00f3 que buscar\u00eda salir de la BMV porque\u00a0el mercado no le da el suficiente valor a la compa\u00f1\u00eda, ya sea en sus canales f\u00edsicos o digitales, al igual que a nivel local o internacional.<br \/>\nLa compa\u00f1\u00eda reiter\u00f3 que, pese a la decisi\u00f3n de salir del mercado de valores,\u00a0en 2024 tuvo un s\u00f3lido desempe\u00f1o\u00a0de los negocios financiero y comercial, al tiempo que su operaci\u00f3n se mantiene de manera normal.<br \/>\nGrupo Elektra tendr\u00e1 nuevo consejo de administraci\u00f3n<br \/>\nTras aprobar su salida de la BMV, los\u00a0accionistas de Grupo Elektra tambi\u00e9n designaron a un nuevo consejo de administraci\u00f3n, el cual ser\u00e1 responsable de definir la estrategia y reorganizaci\u00f3n de la empresa para robustecer todas sus operaciones.<br \/>\nEste nuevo consejo, cuyo\u00a0presidente honorario ser\u00e1 Ricardo Salinas Pliego, estar\u00e1 integrado por cuatro consejeros relacionados y tres consejeros independientes, as\u00ed como por tres comit\u00e9s auxiliares de auditor\u00eda, pr\u00e1cticas societarias e integridad.<br \/>\nDe acuerdo con la compa\u00f1\u00eda, el nuevo presidente del consejo ser\u00e1 Pedro Padilla Longoria, mientras que\u00a0Gabriel Alfonso Roque\u00f1\u00ed Rello ser\u00e1 consejero y director general.<br \/>\nLos\u00a0consejeros relacionados ser\u00e1n \u00c1lvaro Alberto Calder\u00f3n Jim\u00e9nez, quien adem\u00e1s ser\u00e1 director de Finanzas,\u00a0y Luis Jorge Echarte Fern\u00e1ndez; los\u00a0consejeros independientes\u00a0ser\u00e1n Ricardo H. Phillips Greene, Miguel Irurita y Jorge Gast\u00e9lum.<\/p>\n","protected":false},"excerpt":{"rendered":"<p>Los accionistas tambi\u00e9n designaron a un nuevo consejo de administraci\u00f3n, cuyo presidente es Pedro Padilla Longoria, mientras el presidente honorario ser\u00e1 Ricardo Salinas Pliego. Grupo Elektra, propiedad del\u00a0empresario mexicano Ricardo Salinas Pliego, saldr\u00e1 de la Bolsa Mexicana de Valores (BMV)\u00a0como parte de una estrategia corporativa de largo plazo. En un comunicado enviado a la BMV, [&hellip;]<\/p>\n","protected":false},"author":8,"featured_media":47496,"comment_status":"closed","ping_status":"closed","sticky":false,"template":"","format":"standard","meta":{"footnotes":""},"categories":[55],"tags":[],"class_list":["post-47495","post","type-post","status-publish","format-standard","has-post-thumbnail","hentry","category-nacional"],"jetpack-related-posts":[],"_links":{"self":[{"href":"https:\/\/circulorojoslp.com\/index.php?rest_route=\/wp\/v2\/posts\/47495"}],"collection":[{"href":"https:\/\/circulorojoslp.com\/index.php?rest_route=\/wp\/v2\/posts"}],"about":[{"href":"https:\/\/circulorojoslp.com\/index.php?rest_route=\/wp\/v2\/types\/post"}],"author":[{"embeddable":true,"href":"https:\/\/circulorojoslp.com\/index.php?rest_route=\/wp\/v2\/users\/8"}],"replies":[{"embeddable":true,"href":"https:\/\/circulorojoslp.com\/index.php?rest_route=%2Fwp%2Fv2%2Fcomments&post=47495"}],"version-history":[{"count":0,"href":"https:\/\/circulorojoslp.com\/index.php?rest_route=\/wp\/v2\/posts\/47495\/revisions"}],"wp:featuredmedia":[{"embeddable":true,"href":"https:\/\/circulorojoslp.com\/index.php?rest_route=\/wp\/v2\/media\/47496"}],"wp:attachment":[{"href":"https:\/\/circulorojoslp.com\/index.php?rest_route=%2Fwp%2Fv2%2Fmedia&parent=47495"}],"wp:term":[{"taxonomy":"category","embeddable":true,"href":"https:\/\/circulorojoslp.com\/index.php?rest_route=%2Fwp%2Fv2%2Fcategories&post=47495"},{"taxonomy":"post_tag","embeddable":true,"href":"https:\/\/circulorojoslp.com\/index.php?rest_route=%2Fwp%2Fv2%2Ftags&post=47495"}],"curies":[{"name":"wp","href":"https:\/\/api.w.org\/{rel}","templated":true}]}}