{"id":47453,"date":"2024-12-26T14:59:47","date_gmt":"2024-12-26T20:59:47","guid":{"rendered":"https:\/\/circulorojoslp.com\/?p=47453"},"modified":"2024-12-26T14:59:47","modified_gmt":"2024-12-26T20:59:47","slug":"sheinbaum-no-asistira-a-la-toma-de-posesion-de-maduro-esta-es-la-razon","status":"publish","type":"post","link":"https:\/\/circulorojoslp.com\/?p=47453","title":{"rendered":"Sheinbaum no asistir\u00e1 a la toma de posesi\u00f3n de Maduro: esta es la raz\u00f3n"},"content":{"rendered":"<p>La presidenta de M\u00e9xico,\u00a0Claudia Sheinbaum, confirm\u00f3 que no estar\u00e1 presente en la\u00a0toma de posesi\u00f3n de Nicol\u00e1s Maduro como presidente de Venezuela. Este evento, programado para el 10 de enero de 2025, ha generado controversia internacional tras unas elecciones calificadas como pol\u00e9micas.<br \/>\nEn su habitual conferencia matutina, Sheinbaum explic\u00f3 que el pa\u00eds enviar\u00e1 una representaci\u00f3n diplom\u00e1tica, probablemente el embajador mexicano en Caracas, para cumplir con los protocolos internacionales sin comprometer la postura de M\u00e9xico sobre las elecciones venezolanas.<br \/>\n\u00bfM\u00e9xico estar\u00e1 representado en Venezuela?<br \/>\nAnte la incertidumbre generada por las elecciones presidenciales de julio de 2024 en Venezuela,\u00a0Nicol\u00e1s Maduro invit\u00f3 a l\u00edderes de diversos pa\u00edses para asistir a su investidura.\u00a0M\u00e9xico, sin embargo, optar\u00e1 por enviar \u00fanicamente representaci\u00f3n oficial a trav\u00e9s de su embajada en el pa\u00eds sudamericano.<br \/>\nSheinbaum subray\u00f3 que esta decisi\u00f3n responde al equilibrio que su gobierno busca mantener en el \u00e1mbito internacional. \u00abNosotros nos mantendremos imparciales en este proceso. No es necesario que la presidenta de M\u00e9xico est\u00e9 f\u00edsicamente en el evento\u00bb, afirm\u00f3.<br \/>\nContexto pol\u00edtico: la relaci\u00f3n M\u00e9xico-Venezuela<br \/>\nLa decisi\u00f3n de Claudia Sheinbaum ha despertado cr\u00edticas y comentarios entre actores pol\u00edticos y diplom\u00e1ticos. La relaci\u00f3n entre ambos pa\u00edses siempre ha estado marcada por un enfoque de respeto a la soberan\u00eda, pero las \u00faltimas elecciones en Venezuela complicaron el panorama.<br \/>\nMarko Cort\u00e9s, senador del Congreso de la Uni\u00f3n, cuestion\u00f3 la decisi\u00f3n del gobierno mexicano, calific\u00e1ndola como un respaldo impl\u00edcito a un proceso electoral que consider\u00f3 \u00abama\u00f1ado\u00bb. Adem\u00e1s, exigi\u00f3 que M\u00e9xico se abstenga de enviar representaci\u00f3n alguna.<br \/>\nPor su parte, Sheinbaum destac\u00f3 que no ha recibido invitaciones oficiales por parte del equipo de Maduro, aclarando que \u00abno se trata de avalar ni cuestionar un proceso, sino de mantener los canales diplom\u00e1ticos\u00bb.<\/p>\n<p>Sheinbaum tambi\u00e9n enfrenta decisiones con Estados Unidos<br \/>\nOtro tema que ha acaparado la atenci\u00f3n de la presidenta es su posible asistencia a la toma de posesi\u00f3n del presidente electo de Estados Unidos, Donald Trump, quien asumir\u00e1 el cargo el mismo mes. Aunque no se ha emitido una invitaci\u00f3n oficial, Sheinbaum dej\u00f3 entrever que su gobierno priorizar\u00e1 los intereses estrat\u00e9gicos de M\u00e9xico en Norteam\u00e9rica.<br \/>\n\u00abEntendemos que estas tomas de protesta son importantes, pero nuestras decisiones deben centrarse en fortalecer las relaciones diplom\u00e1ticas y comerciales con cada regi\u00f3n\u00bb, explic\u00f3 Sheinbaum.<\/p>\n<p>Reacciones pol\u00edticas y sociales en M\u00e9xico<br \/>\nEl anuncio gener\u00f3 reacciones divididas dentro de M\u00e9xico. Mientras algunos sectores aplauden la decisi\u00f3n de enviar representaci\u00f3n en lugar de la asistencia personal de la presidenta, otros lo consideran un gesto tibio ante\u00a0la crisis democr\u00e1tica en Venezuela.<br \/>\nLas redes sociales tambi\u00e9n han sido un espacio de debate. Usuarios destacan la necesidad de mantener la neutralidad en temas internacionales, mientras que otros exigen un posicionamiento m\u00e1s contundente por parte del gobierno mexicano.<\/p>\n","protected":false},"excerpt":{"rendered":"<p>La presidenta de M\u00e9xico,\u00a0Claudia Sheinbaum, confirm\u00f3 que no estar\u00e1 presente en la\u00a0toma de posesi\u00f3n de Nicol\u00e1s Maduro como presidente de Venezuela. Este evento, programado para el 10 de enero de 2025, ha generado controversia internacional tras unas elecciones calificadas como pol\u00e9micas. En su habitual conferencia matutina, Sheinbaum explic\u00f3 que el pa\u00eds enviar\u00e1 una representaci\u00f3n diplom\u00e1tica, [&hellip;]<\/p>\n","protected":false},"author":8,"featured_media":47454,"comment_status":"closed","ping_status":"closed","sticky":false,"template":"","format":"standard","meta":{"footnotes":""},"categories":[55],"tags":[],"class_list":["post-47453","post","type-post","status-publish","format-standard","has-post-thumbnail","hentry","category-nacional"],"jetpack-related-posts":[],"_links":{"self":[{"href":"https:\/\/circulorojoslp.com\/index.php?rest_route=\/wp\/v2\/posts\/47453"}],"collection":[{"href":"https:\/\/circulorojoslp.com\/index.php?rest_route=\/wp\/v2\/posts"}],"about":[{"href":"https:\/\/circulorojoslp.com\/index.php?rest_route=\/wp\/v2\/types\/post"}],"author":[{"embeddable":true,"href":"https:\/\/circulorojoslp.com\/index.php?rest_route=\/wp\/v2\/users\/8"}],"replies":[{"embeddable":true,"href":"https:\/\/circulorojoslp.com\/index.php?rest_route=%2Fwp%2Fv2%2Fcomments&post=47453"}],"version-history":[{"count":0,"href":"https:\/\/circulorojoslp.com\/index.php?rest_route=\/wp\/v2\/posts\/47453\/revisions"}],"wp:featuredmedia":[{"embeddable":true,"href":"https:\/\/circulorojoslp.com\/index.php?rest_route=\/wp\/v2\/media\/47454"}],"wp:attachment":[{"href":"https:\/\/circulorojoslp.com\/index.php?rest_route=%2Fwp%2Fv2%2Fmedia&parent=47453"}],"wp:term":[{"taxonomy":"category","embeddable":true,"href":"https:\/\/circulorojoslp.com\/index.php?rest_route=%2Fwp%2Fv2%2Fcategories&post=47453"},{"taxonomy":"post_tag","embeddable":true,"href":"https:\/\/circulorojoslp.com\/index.php?rest_route=%2Fwp%2Fv2%2Ftags&post=47453"}],"curies":[{"name":"wp","href":"https:\/\/api.w.org\/{rel}","templated":true}]}}