{"id":47387,"date":"2024-12-13T16:32:19","date_gmt":"2024-12-13T22:32:19","guid":{"rendered":"https:\/\/circulorojoslp.com\/?p=47387"},"modified":"2024-12-13T16:32:19","modified_gmt":"2024-12-13T22:32:19","slug":"candidatos-a-eleccion-judicial-recibiran-proteccion-si-lo-solicitan-asegura-fernandez-norona","status":"publish","type":"post","link":"https:\/\/circulorojoslp.com\/?p=47387","title":{"rendered":"Candidatos a elecci\u00f3n judicial recibir\u00e1n protecci\u00f3n si lo solicitan, asegura Fern\u00e1ndez Noro\u00f1a"},"content":{"rendered":"<p>El senador de Morena confi\u00f3 en que no se presentar\u00e1n hechos de violencia durante la elecci\u00f3n judicial del pr\u00f3ximo 1 de junio de 2025.<\/p>\n<p>Gerardo Fern\u00e1ndez Noro\u00f1a, presidente de la Mesa Directiva del Senado, no descart\u00f3 que el Gobierno federal pueda otorgar\u00a0protecci\u00f3n a los candidatos\u00a0a la\u00a0elecci\u00f3n judicial\u00a0que as\u00ed lo soliciten.<br \/>\nEn entrevista con medios, Noro\u00f1a admiti\u00f3 que existe la posibilidad que los candidatos que participen en el\u00a0proceso de renovaci\u00f3n del Poder Judicial\u00a0pudieran ser\u00a0v\u00edctimas de ataques en su contra, especialmente ante la situaci\u00f3n delicada que se vive en algunos estados del pa\u00eds.<br \/>\nEl senador de Morena confi\u00f3 en que el gobierno estar\u00e1 \u201cmuy atento\u201d de esta situaci\u00f3n y que si alguna de las personas que aspiran requiere de\u00a0protecci\u00f3n especial, como se hizo en las elecciones de este a\u00f1o, se les otorgar\u00e1.<br \/>\n\u201cYo creo que nuestro Gobierno estar\u00e1 muy atento de si alguna de las personas que aspiran, requiere de alguna protecci\u00f3n especial como se hizo en el caso de los candidatos\u00a0en el proceso electoral de este a\u00f1o, se otorgue, yo m\u00e1s bien eso creo que es lo que proceder\u00eda, m\u00e1s que plantear alguna cosa en otro sentido\u201d, indic\u00f3.<\/p>\n<p>Fern\u00e1ndez Noro\u00f1a\u00a0sostuvo que esta inquietud no se plante\u00f3 durante la reuni\u00f3n que la\u00a0secretaria de Gobernaci\u00f3n,\u00a0Rosa Icela Rodr\u00edguez Vel\u00e1zquez, con las y los legisladores el pasado jueves, pero consider\u00f3 que se trata de \u201cpreocupaci\u00f3n entendible, porque ha sucedido en el proceso constitucional\u201d.<br \/>\n\u201cPero todav\u00eda no hay candidatos, entonces vamos a ver cu\u00e1l es la lista final. Y, si de esa lista final, no tengo la menor duda, alguna de las personas que aspiran solicita protecci\u00f3n, por las razones que argumente que su integridad est\u00e1 en riesgo, le ser\u00e1 otorgada, no tengo duda de ello\u201d, afirm\u00f3.<br \/>\n\u00bfCu\u00e1ndo se publican la lista definitiva de aspirantes al Poder Judicial?<br \/>\nEl\u00a0Senado\u00a0inform\u00f3 que el pr\u00f3ximo\u00a0domingo 15 de diciembre\u00a0se publicar\u00e1 el\u00a0listado definitivo de aspirantes\u00a0que cumplen con los requisitos constitucionales, legales y de elegibilidad para ser\u00a0jueces, magistrados y ministros.<br \/>\nEl pasado 11 de diciembre, la\u00a0presidenta Claudia Sheinbaum\u00a0dio a conocer que, hasta ese d\u00eda, el proceso de selecci\u00f3n de aspirantes que realiza el\u00a0Comit\u00e9 de Evaluaci\u00f3n del Poder Ejecutivo\u00a0presentaba un avance del 84 por ciento.<br \/>\n\u201cVa muy bien, por lo menos aqu\u00ed en el Ejecutivo, que es lo que tenemos que informar. Agradecerle a quienes est\u00e1n participando en esta Comisi\u00f3n. Y el 15 (de diciembre) se presenta la primera lista\u201d, inform\u00f3 durante su conferencia matutina.<\/p>\n","protected":false},"excerpt":{"rendered":"<p>El senador de Morena confi\u00f3 en que no se presentar\u00e1n hechos de violencia durante la elecci\u00f3n judicial del pr\u00f3ximo 1 de junio de 2025. Gerardo Fern\u00e1ndez Noro\u00f1a, presidente de la Mesa Directiva del Senado, no descart\u00f3 que el Gobierno federal pueda otorgar\u00a0protecci\u00f3n a los candidatos\u00a0a la\u00a0elecci\u00f3n judicial\u00a0que as\u00ed lo soliciten. En entrevista con medios, Noro\u00f1a [&hellip;]<\/p>\n","protected":false},"author":8,"featured_media":47388,"comment_status":"closed","ping_status":"closed","sticky":false,"template":"","format":"standard","meta":{"footnotes":""},"categories":[55],"tags":[],"class_list":["post-47387","post","type-post","status-publish","format-standard","has-post-thumbnail","hentry","category-nacional"],"jetpack-related-posts":[],"_links":{"self":[{"href":"https:\/\/circulorojoslp.com\/index.php?rest_route=\/wp\/v2\/posts\/47387"}],"collection":[{"href":"https:\/\/circulorojoslp.com\/index.php?rest_route=\/wp\/v2\/posts"}],"about":[{"href":"https:\/\/circulorojoslp.com\/index.php?rest_route=\/wp\/v2\/types\/post"}],"author":[{"embeddable":true,"href":"https:\/\/circulorojoslp.com\/index.php?rest_route=\/wp\/v2\/users\/8"}],"replies":[{"embeddable":true,"href":"https:\/\/circulorojoslp.com\/index.php?rest_route=%2Fwp%2Fv2%2Fcomments&post=47387"}],"version-history":[{"count":0,"href":"https:\/\/circulorojoslp.com\/index.php?rest_route=\/wp\/v2\/posts\/47387\/revisions"}],"wp:featuredmedia":[{"embeddable":true,"href":"https:\/\/circulorojoslp.com\/index.php?rest_route=\/wp\/v2\/media\/47388"}],"wp:attachment":[{"href":"https:\/\/circulorojoslp.com\/index.php?rest_route=%2Fwp%2Fv2%2Fmedia&parent=47387"}],"wp:term":[{"taxonomy":"category","embeddable":true,"href":"https:\/\/circulorojoslp.com\/index.php?rest_route=%2Fwp%2Fv2%2Fcategories&post=47387"},{"taxonomy":"post_tag","embeddable":true,"href":"https:\/\/circulorojoslp.com\/index.php?rest_route=%2Fwp%2Fv2%2Ftags&post=47387"}],"curies":[{"name":"wp","href":"https:\/\/api.w.org\/{rel}","templated":true}]}}