{"id":47353,"date":"2024-12-10T21:10:00","date_gmt":"2024-12-11T03:10:00","guid":{"rendered":"https:\/\/circulorojoslp.com\/?p=47353"},"modified":"2024-12-10T21:10:00","modified_gmt":"2024-12-11T03:10:00","slug":"senado-aprueba-incluir-la-palabra-presidenta-y-gobernadora-en-la-constitucion","status":"publish","type":"post","link":"https:\/\/circulorojoslp.com\/?p=47353","title":{"rendered":"Senado aprueba incluir la palabra \u2018presidenta\u2019 y \u2018gobernadora\u2019 en la Constituci\u00f3n"},"content":{"rendered":"<p>La votaci\u00f3n se llev\u00f3 a cabo la tarde de este martes 10 de diciembre y se dio luz verde con 113 sufragios a favor y uno en contra<\/p>\n<p>Con\u00a0113 votos a favor y 1 en contra, el\u00a0Senado de la Rep\u00fablica\u00a0aprob\u00f3 incluir en la Constituci\u00f3n Pol\u00edtica de los Estados Unidos Mexicanos, la palabra\u00a0\u2018presidenta\u2019\u00a0y\u00a0\u2018gobernadora\u2019.<br \/>\nAnte esto, el dictamen relativo a las\u00a0expresiones inclusivas de g\u00e9nero\u00a0permitir\u00e1 visibilizar la representaci\u00f3n de las\u00a0mujeres en los cargos p\u00fablicos.<br \/>\nLo anterior se da en el contexto de que este a\u00f1o gan\u00f3 por primera ocasi\u00f3n una mujer el cargo de presidenta, el cual ocupa hoy\u00a0Claudia Sheinbaum. Por ello, este dictamen permitir\u00e1 que la actual mandataria federal, as\u00ed como otras mujeres que lleguen a ser encargadas del\u00a0Poder Ejecutivo. Una vez que lleguen al poder, ya tendr\u00e1n en la\u00a0Constituci\u00f3n Pol\u00edtica Mexicana\u00a0la palabra\u00a0\u2018presidenta\u2019.<br \/>\nDe igual manera,\u00a031 art\u00edculos de la Constituci\u00f3n Pol\u00edtica de los Estados Unidos Mexicanos, en el respectivo texto, tendr\u00e1n la palabra\u00a0\u2018presidenta\u2019,\u00a0\u2018gobernadora\u2019\u00a0y\u00a0\u2018presidenta municipal\u2019.<\/p>\n<p>Dictamen fue enviado a la C\u00e1mara de Diputados<\/p>\n<p>El dictamen y minuta fue enviado a la\u00a0C\u00e1mara de Diputados\u00a0para continuar con el tr\u00e1mite legislativo, luego de su votaci\u00f3n y aprobaci\u00f3n en el\u00a0Senado de la Rep\u00fablica.<br \/>\nLa votaci\u00f3n se llev\u00f3 a cabo este martes 10 de diciembre en el\u00a0Senado de la Rep\u00fablica, donde alrededor de las 14:00 horas se aprob\u00f3 este\u00a0dictamen.<br \/>\nSenadores\u00a0de todas las bancadas Morena, Partido del Trabajo, Verde Ecologista de M\u00e9xico, incluso de la oposici\u00f3n, Acci\u00f3n Nacional, Revolucionario Institucional y Movimiento Ciudadano,\u00a0votaron a favor con 113 sufragios.<br \/>\nEl \u00fanico voto en contra fue el de la\u00a0panista Lilly T\u00e9llez, quien fue la \u00fanica legisladora que se pronunci\u00f3 en contra al momento de\u00a0emitir los sufragios.<br \/>\nDe igual manera, en las redes sociales oficiales del\u00a0Senado de la Rep\u00fablica\u00a0se notific\u00f3 sobre la aprobaci\u00f3n de incluir las palabras\u00a0\u2018presidenta\u2019,\u00a0\u2018gobernadora\u2019\u00a0y\u00a0\u2018presidenta municipal\u2019\u00a0en la\u00a0Constituci\u00f3n Pol\u00edtica\u00a0de los Estados Unidos Mexicanos.<br \/>\n\u201cA fin de visibilizar la representaci\u00f3n de las mujeres en cargos p\u00fablicos, el Senado aprob\u00f3 reformar la Constituci\u00f3n Pol\u00edtica de los Estados Unidos Mexicanos, para incorporar en su contenido lenguaje inclusivo\u201d,\u00a0se lee en las redes sociales del Senado de la Rep\u00fablica.<br \/>\nDe acuerdo con la informaci\u00f3n publicada en sus redes, esta acci\u00f3n se realiza con el fin de\u00a0visibilizar la representaci\u00f3n\u00a0de las\u00a0mujeres en los cargos p\u00fablicos.<br \/>\nAgreg\u00f3 que as\u00ed, al incorporar expresiones inclusivas de g\u00e9nero, se busca\u00a0erradicar el uso de estereotipos y de lenguaje\u00a0que hist\u00f3ricamente ha\u00a0invisibilizado a las mujeres, por lo que al aprobarse ser\u00e1 un paso hist\u00f3rico.<\/p>\n","protected":false},"excerpt":{"rendered":"<p>La votaci\u00f3n se llev\u00f3 a cabo la tarde de este martes 10 de diciembre y se dio luz verde con 113 sufragios a favor y uno en contra Con\u00a0113 votos a favor y 1 en contra, el\u00a0Senado de la Rep\u00fablica\u00a0aprob\u00f3 incluir en la Constituci\u00f3n Pol\u00edtica de los Estados Unidos Mexicanos, la palabra\u00a0\u2018presidenta\u2019\u00a0y\u00a0\u2018gobernadora\u2019. Ante esto, el [&hellip;]<\/p>\n","protected":false},"author":8,"featured_media":47354,"comment_status":"closed","ping_status":"closed","sticky":false,"template":"","format":"standard","meta":{"footnotes":""},"categories":[55],"tags":[],"class_list":["post-47353","post","type-post","status-publish","format-standard","has-post-thumbnail","hentry","category-nacional"],"jetpack-related-posts":[],"_links":{"self":[{"href":"https:\/\/circulorojoslp.com\/index.php?rest_route=\/wp\/v2\/posts\/47353"}],"collection":[{"href":"https:\/\/circulorojoslp.com\/index.php?rest_route=\/wp\/v2\/posts"}],"about":[{"href":"https:\/\/circulorojoslp.com\/index.php?rest_route=\/wp\/v2\/types\/post"}],"author":[{"embeddable":true,"href":"https:\/\/circulorojoslp.com\/index.php?rest_route=\/wp\/v2\/users\/8"}],"replies":[{"embeddable":true,"href":"https:\/\/circulorojoslp.com\/index.php?rest_route=%2Fwp%2Fv2%2Fcomments&post=47353"}],"version-history":[{"count":0,"href":"https:\/\/circulorojoslp.com\/index.php?rest_route=\/wp\/v2\/posts\/47353\/revisions"}],"wp:featuredmedia":[{"embeddable":true,"href":"https:\/\/circulorojoslp.com\/index.php?rest_route=\/wp\/v2\/media\/47354"}],"wp:attachment":[{"href":"https:\/\/circulorojoslp.com\/index.php?rest_route=%2Fwp%2Fv2%2Fmedia&parent=47353"}],"wp:term":[{"taxonomy":"category","embeddable":true,"href":"https:\/\/circulorojoslp.com\/index.php?rest_route=%2Fwp%2Fv2%2Fcategories&post=47353"},{"taxonomy":"post_tag","embeddable":true,"href":"https:\/\/circulorojoslp.com\/index.php?rest_route=%2Fwp%2Fv2%2Ftags&post=47353"}],"curies":[{"name":"wp","href":"https:\/\/api.w.org\/{rel}","templated":true}]}}